{"id":54282,"date":"2018-11-16T17:22:15","date_gmt":"2018-11-16T16:22:15","guid":{"rendered":"https:\/\/www.hiig.de\/?p=54282"},"modified":"2021-02-15T10:44:47","modified_gmt":"2021-02-15T09:44:47","slug":"amidst-insta-stories-and-science-events","status":"publish","type":"post","link":"https:\/\/www.hiig.de\/en\/amidst-insta-stories-and-science-events\/","title":{"rendered":"Amidst Insta stories and science events"},"content":{"rendered":"<p><em><strong>Nadine Lahn<\/strong> has applied for an internship in the field of science communication. With her article on <a href=\"https:\/\/www.hiig.de\/en\/how-filter-bubble-determines-perception\/\">filter bubbles<\/a> in the student magazine <a href=\"https:\/\/fuks.org\/karlsruher-transfer\/\">Karlsruher Transfer<\/a>, she quickly convinced us. After three months of social media editing, insta stories and many events, we asked her how things went.<\/em><\/p>\n<p>&nbsp;<\/p>\n<p><strong>Drei Monate Berlin, drei Monate Wissenschaftskommunikation am HIIG \u2013 wie war das f\u00fcr dich?<\/strong><\/p>\n<p><img loading=\"lazy\" decoding=\"async\" class=\"alignleft size-full wp-image-54289\" src=\"https:\/\/www.hiig.de\/wp-content\/uploads\/2018\/11\/Daumen-hoch.gif\" alt=\"\" width=\"300\" height=\"200\"><\/p>\n<p>&nbsp;<\/p>\n<p>&nbsp;<\/p>\n<p>&nbsp;<\/p>\n<p>&nbsp;<\/p>\n<p>&nbsp;<\/p>\n<p>&nbsp;<\/p>\n<p>&nbsp;<\/p>\n<p>&nbsp;<\/p>\n<p><strong>Welche Erwartungen hattest du denn an das Praktikum?<\/strong><\/p>\n<p>Den einen oder anderen Beitrag f\u00fcr Social Media schreiben, Einblicke in den Arbeitsalltag in der Wissenschaftskommunikation bekommen und eigene Ideen mit einbringen k\u00f6nnen.<\/p>\n<p>&nbsp;<\/p>\n<p><strong>Und wie sah dein Alltag dann tats\u00e4chlich aus?<\/strong><\/p>\n<p><img loading=\"lazy\" decoding=\"async\" class=\"alignleft size-full wp-image-54291\" src=\"https:\/\/www.hiig.de\/wp-content\/uploads\/2018\/11\/Hund.gif\" alt=\"\" width=\"500\" height=\"274\"><\/p>\n<p>&nbsp;<\/p>\n<p>&nbsp;<\/p>\n<p>&nbsp;<\/p>\n<p>&nbsp;<\/p>\n<p>&nbsp;<\/p>\n<p>&nbsp;<\/p>\n<p>&nbsp;<\/p>\n<p>&nbsp;<\/p>\n<p>&nbsp;<\/p>\n<p>&nbsp;<\/p>\n<p><strong>Zur\u00fcck im Vorlesungssaal, an was erinnerst du dich gerne zur\u00fcck?<\/strong><\/p>\n<p>Nat\u00fcrlich nicht nur an das gute Essen bei den Veranstaltungen! Das sch\u00f6nste Gef\u00fchl war, dass ich einen Teil zu diesen wunderbaren Events beitragen konnte: Ich hatte die M\u00f6glichkeit, bei der Organisation und Durchf\u00fchrung mitzuhelfen und eine Menge \u00fcber spannende Themen wie K\u00fcnstliche Intelligenz, Smart Cities oder Algorithmen-Ethik zu erfahren.<\/p>\n<p>&nbsp;<\/p>\n<p><strong>Und was war nicht so pralle?<\/strong><\/p>\n<p>Der pl\u00f6tzliche, winterliche Herbstanfang mit gef\u00fchlten 30 Grad Temperaturabfall \u2013 und ohne funktionierende Heizung im B\u00fcro\u2026 August:<\/p>\n<p><img loading=\"lazy\" decoding=\"async\" class=\"alignleft size-full wp-image-54293\" src=\"https:\/\/www.hiig.de\/wp-content\/uploads\/2018\/11\/Hitze.gif\" alt=\"\" width=\"500\" height=\"207\"><\/p>\n<p>&nbsp;<\/p>\n<p>&nbsp;<\/p>\n<p>&nbsp;<\/p>\n<p>&nbsp;<\/p>\n<p>&nbsp;<\/p>\n<p>&nbsp;<\/p>\n<p>&nbsp;<\/p>\n<p>&nbsp;<\/p>\n<p>vs. Oktober:<\/p>\n<p><img loading=\"lazy\" decoding=\"async\" class=\"alignleft size-full wp-image-54295\" src=\"https:\/\/www.hiig.de\/wp-content\/uploads\/2018\/11\/K\u00e4lte.gif\" alt=\"\" width=\"320\" height=\"212\"><\/p>\n<p>&nbsp;<\/p>\n<p>&nbsp;<\/p>\n<p>&nbsp;<\/p>\n<p>&nbsp;<\/p>\n<p>&nbsp;<\/p>\n<p>&nbsp;<\/p>\n<p>&nbsp;<\/p>\n<p>&nbsp;<\/p>\n<p><strong>Auch was dabei gelernt?<\/strong><\/p>\n<p>Daf\u00fcr, dass ich vor meinem Praktikum noch nie Twitter und nur ganz wenig Instagram benutzt hatte, w\u00fcrde ich mich jetzt fast als Social Media-Profi bezeichnen! Auch mit der Homepage-Bearbeitung kenne ich mich inzwischen ziemlich gut aus \u2013 alles wichtige Kenntnisse, die ich sp\u00e4ter sicherlich noch sehr gut gebrauchen kann. Ich habe einen tollen Einblick in die Wissenschaftskommunikation bekommen und durfte viel mit gestalten. Und auch inhaltlich habe ich sehr viel \u00fcber unsere digitale Gesellschaft gelernt und interessante Einblicke in die aktuelle Forschung erhalten. Au\u00dferdem durfte ich sooo viele nette und spannende Leute kennenlernen!<\/p>\n<p>&nbsp;<\/p>\n<p><strong>Wow, so viel Komplimente. Du wirst auch schon vermisst. Wem w\u00fcrdest du denn ein Praktikum bei uns empfehlen?<\/strong><\/p>\n<p>Ich empfehle das Praktikum allen, die Lust haben, in einem interdisziplin\u00e4ren Team an Themen rund um Digitalisierung zu arbeiten. Du solltest offen f\u00fcr Neues sein und gerne selbst Verantwortung \u00fcbernehmen wollen. Wenn Du schon ein wenig Erfahrung mit Social Media, WordPress und Photoshop hast, f\u00e4llt Dir der Einstieg am HIIG auch ganz leicht und Du kannst direkt voll durchstarten!<\/p>\n<div class=\"shariff shariff-align-flex-start shariff-widget-align-flex-start\"><ul class=\"shariff-buttons theme-round orientation-horizontal buttonsize-medium\"><li class=\"shariff-button linkedin shariff-nocustomcolor\" style=\"background-color:#1488bf\"><a href=\"https:\/\/www.linkedin.com\/sharing\/share-offsite\/?url=https%3A%2F%2Fwww.hiig.de%2Fen%2Famidst-insta-stories-and-science-events%2F\" title=\"Share on LinkedIn\" aria-label=\"Share on LinkedIn\" role=\"button\" rel=\"noopener nofollow\" class=\"shariff-link\" style=\"; background-color:#0077b5; color:#fff\" target=\"_blank\"><span class=\"shariff-icon\" style=\"\"><svg width=\"32px\" height=\"20px\" xmlns=\"http:\/\/www.w3.org\/2000\/svg\" viewBox=\"0 0 27 32\"><path fill=\"#0077b5\" d=\"M6.2 11.2v17.7h-5.9v-17.7h5.9zM6.6 5.7q0 1.3-0.9 2.2t-2.4 0.9h0q-1.5 0-2.4-0.9t-0.9-2.2 0.9-2.2 2.4-0.9 2.4 0.9 0.9 2.2zM27.4 18.7v10.1h-5.9v-9.5q0-1.9-0.7-2.9t-2.3-1.1q-1.1 0-1.9 0.6t-1.2 1.5q-0.2 0.5-0.2 1.4v9.9h-5.9q0-7.1 0-11.6t0-5.3l0-0.9h5.9v2.6h0q0.4-0.6 0.7-1t1-0.9 1.6-0.8 2-0.3q3 0 4.9 2t1.9 6z\"\/><\/svg><\/span><\/a><\/li><li class=\"shariff-button bluesky shariff-nocustomcolor\" style=\"background-color:#84c4ff\"><a href=\"https:\/\/bsky.app\/intent\/compose?text=Amidst%20Insta%20stories%20and%20science%20events https%3A%2F%2Fwww.hiig.de%2Fen%2Famidst-insta-stories-and-science-events%2F  via @hiigberlin.bsky.social\" title=\"Share on Bluesky\" aria-label=\"Share on Bluesky\" role=\"button\" rel=\"noopener nofollow\" class=\"shariff-link\" style=\"; background-color:#0085ff; color:#fff\" target=\"_blank\"><span class=\"shariff-icon\" style=\"\"><svg width=\"20\" height=\"20\" version=\"1.1\" xmlns=\"http:\/\/www.w3.org\/2000\/svg\" viewBox=\"0 0 20 20\"><path class=\"st0\" d=\"M4.89,3.12c2.07,1.55,4.3,4.71,5.11,6.4.82-1.69,3.04-4.84,5.11-6.4,1.49-1.12,3.91-1.99,3.91.77,0,.55-.32,4.63-.5,5.3-.64,2.3-2.99,2.89-5.08,2.54,3.65.62,4.58,2.68,2.57,4.74-3.81,3.91-5.48-.98-5.9-2.23-.08-.23-.11-.34-.12-.25,0-.09-.04.02-.12.25-.43,1.25-2.09,6.14-5.9,2.23-2.01-2.06-1.08-4.12,2.57-4.74-2.09.36-4.44-.23-5.08-2.54-.19-.66-.5-4.74-.5-5.3,0-2.76,2.42-1.89,3.91-.77h0Z\"\/><\/svg><\/span><\/a><\/li><li class=\"shariff-button mailto shariff-nocustomcolor\" style=\"background-color:#a8a8a8\"><a href=\"mailto:?body=https%3A%2F%2Fwww.hiig.de%2Fen%2Famidst-insta-stories-and-science-events%2F&subject=Amidst%20Insta%20stories%20and%20science%20events\" title=\"Send by email\" aria-label=\"Send by email\" role=\"button\" rel=\"noopener nofollow\" class=\"shariff-link\" style=\"; background-color:#999; color:#fff\"><span class=\"shariff-icon\" style=\"\"><svg width=\"32px\" height=\"20px\" xmlns=\"http:\/\/www.w3.org\/2000\/svg\" viewBox=\"0 0 32 32\"><path fill=\"#999\" d=\"M32 12.7v14.2q0 1.2-0.8 2t-2 0.9h-26.3q-1.2 0-2-0.9t-0.8-2v-14.2q0.8 0.9 1.8 1.6 6.5 4.4 8.9 6.1 1 0.8 1.6 1.2t1.7 0.9 2 0.4h0.1q0.9 0 2-0.4t1.7-0.9 1.6-1.2q3-2.2 8.9-6.1 1-0.7 1.8-1.6zM32 7.4q0 1.4-0.9 2.7t-2.2 2.2q-6.7 4.7-8.4 5.8-0.2 0.1-0.7 0.5t-1 0.7-0.9 0.6-1.1 0.5-0.9 0.2h-0.1q-0.4 0-0.9-0.2t-1.1-0.5-0.9-0.6-1-0.7-0.7-0.5q-1.6-1.1-4.7-3.2t-3.6-2.6q-1.1-0.7-2.1-2t-1-2.5q0-1.4 0.7-2.3t2.1-0.9h26.3q1.2 0 2 0.8t0.9 2z\"\/><\/svg><\/span><\/a><\/li><\/ul><\/div>","protected":false},"excerpt":{"rendered":"<p>Nadine Lahn has applied for an internship in the field of science communication. With her article on filter bubbles in the student magazine Karlsruher Transfer, she quickly convinced us. After three months of social media editing, insta stories and many events, we asked her how things went. &nbsp; Drei Monate Berlin, drei Monate Wissenschaftskommunikation am&hellip;<\/p>\n","protected":false},"author":209,"featured_media":54284,"comment_status":"open","ping_status":"closed","sticky":false,"template":"","format":"standard","meta":{"_acf_changed":false,"footnotes":""},"categories":[227],"tags":[446],"class_list":["post-54282","post","type-post","status-publish","format-standard","has-post-thumbnail","hentry","category-everyday-life","tag-de-only"],"acf":[],"yoast_head":"<!-- This site is optimized with the Yoast SEO plugin v26.6 - https:\/\/yoast.com\/wordpress\/plugins\/seo\/ -->\n<title>Amidst Insta stories and science events &#8211; Digital Society Blog<\/title>\n<meta name=\"description\" content=\"Nadine Lahn \u00fcber ihre Zeit am HIIG als Praktikantin in der Wissenschaftskommunikation: Insta-Stories, Social Media, WordPress und viele tolle Events...\" \/>\n<meta name=\"robots\" content=\"index, follow, max-snippet:-1, max-image-preview:large, max-video-preview:-1\" \/>\n<link rel=\"canonical\" href=\"https:\/\/www.hiig.de\/en\/amidst-insta-stories-and-science-events\/\" \/>\n<meta property=\"og:locale\" content=\"en_US\" \/>\n<meta property=\"og:type\" content=\"article\" \/>\n<meta property=\"og:title\" content=\"Amidst Insta stories and science events &#8211; Digital Society Blog\" \/>\n<meta property=\"og:description\" content=\"Nadine Lahn \u00fcber ihre Zeit am HIIG als Praktikantin in der Wissenschaftskommunikation: Insta-Stories, Social Media, WordPress und viele tolle Events...\" \/>\n<meta property=\"og:url\" content=\"https:\/\/www.hiig.de\/en\/amidst-insta-stories-and-science-events\/\" \/>\n<meta property=\"og:site_name\" content=\"HIIG\" \/>\n<meta property=\"article:published_time\" content=\"2018-11-16T16:22:15+00:00\" \/>\n<meta property=\"article:modified_time\" content=\"2021-02-15T09:44:47+00:00\" \/>\n<meta property=\"og:image\" content=\"https:\/\/www.hiig.de\/wp-content\/uploads\/2018\/11\/IMG_3560.jpg\" \/>\n\t<meta property=\"og:image:width\" content=\"800\" \/>\n\t<meta property=\"og:image:height\" content=\"450\" \/>\n\t<meta property=\"og:image:type\" content=\"image\/jpeg\" \/>\n<meta name=\"author\" content=\"Nadine Lahn\" \/>\n<meta name=\"twitter:card\" content=\"summary_large_image\" \/>\n<meta name=\"twitter:label1\" content=\"Written by\" \/>\n\t<meta name=\"twitter:data1\" content=\"Nadine Lahn\" \/>\n\t<meta name=\"twitter:label2\" content=\"Est. reading time\" \/>\n\t<meta name=\"twitter:data2\" content=\"3 minutes\" \/>\n<!-- \/ Yoast SEO plugin. -->","yoast_head_json":{"title":"Amidst Insta stories and science events &#8211; Digital Society Blog","description":"Nadine Lahn \u00fcber ihre Zeit am HIIG als Praktikantin in der Wissenschaftskommunikation: Insta-Stories, Social Media, WordPress und viele tolle Events...","robots":{"index":"index","follow":"follow","max-snippet":"max-snippet:-1","max-image-preview":"max-image-preview:large","max-video-preview":"max-video-preview:-1"},"canonical":"https:\/\/www.hiig.de\/en\/amidst-insta-stories-and-science-events\/","og_locale":"en_US","og_type":"article","og_title":"Amidst Insta stories and science events &#8211; Digital Society Blog","og_description":"Nadine Lahn \u00fcber ihre Zeit am HIIG als Praktikantin in der Wissenschaftskommunikation: Insta-Stories, Social Media, WordPress und viele tolle Events...","og_url":"https:\/\/www.hiig.de\/en\/amidst-insta-stories-and-science-events\/","og_site_name":"HIIG","article_published_time":"2018-11-16T16:22:15+00:00","article_modified_time":"2021-02-15T09:44:47+00:00","og_image":[{"width":800,"height":450,"url":"https:\/\/www.hiig.de\/wp-content\/uploads\/2018\/11\/IMG_3560.jpg","type":"image\/jpeg"}],"author":"Nadine Lahn","twitter_card":"summary_large_image","twitter_misc":{"Written by":"Nadine Lahn","Est. reading time":"3 minutes"},"schema":{"@context":"https:\/\/schema.org","@graph":[{"@type":"Article","@id":"https:\/\/www.hiig.de\/en\/amidst-insta-stories-and-science-events\/#article","isPartOf":{"@id":"https:\/\/www.hiig.de\/en\/amidst-insta-stories-and-science-events\/"},"author":{"name":"Nadine Lahn","@id":"https:\/\/www.hiig.de\/#\/schema\/person\/408823b8ef9e98cd0ac7fc6adcfa7826"},"headline":"Amidst Insta stories and science events","datePublished":"2018-11-16T16:22:15+00:00","dateModified":"2021-02-15T09:44:47+00:00","mainEntityOfPage":{"@id":"https:\/\/www.hiig.de\/en\/amidst-insta-stories-and-science-events\/"},"wordCount":421,"commentCount":0,"publisher":{"@id":"https:\/\/www.hiig.de\/#organization"},"image":{"@id":"https:\/\/www.hiig.de\/en\/amidst-insta-stories-and-science-events\/#primaryimage"},"thumbnailUrl":"https:\/\/www.hiig.de\/wp-content\/uploads\/2018\/11\/IMG_3560.jpg","keywords":["de-only"],"articleSection":["Everyday Life"],"inLanguage":"en-US","potentialAction":[{"@type":"CommentAction","name":"Comment","target":["https:\/\/www.hiig.de\/en\/amidst-insta-stories-and-science-events\/#respond"]}]},{"@type":"WebPage","@id":"https:\/\/www.hiig.de\/en\/amidst-insta-stories-and-science-events\/","url":"https:\/\/www.hiig.de\/en\/amidst-insta-stories-and-science-events\/","name":"Amidst Insta stories and science events &#8211; Digital Society Blog","isPartOf":{"@id":"https:\/\/www.hiig.de\/#website"},"primaryImageOfPage":{"@id":"https:\/\/www.hiig.de\/en\/amidst-insta-stories-and-science-events\/#primaryimage"},"image":{"@id":"https:\/\/www.hiig.de\/en\/amidst-insta-stories-and-science-events\/#primaryimage"},"thumbnailUrl":"https:\/\/www.hiig.de\/wp-content\/uploads\/2018\/11\/IMG_3560.jpg","datePublished":"2018-11-16T16:22:15+00:00","dateModified":"2021-02-15T09:44:47+00:00","description":"Nadine Lahn \u00fcber ihre Zeit am HIIG als Praktikantin in der Wissenschaftskommunikation: Insta-Stories, Social Media, WordPress und viele tolle Events...","breadcrumb":{"@id":"https:\/\/www.hiig.de\/en\/amidst-insta-stories-and-science-events\/#breadcrumb"},"inLanguage":"en-US","potentialAction":[{"@type":"ReadAction","target":["https:\/\/www.hiig.de\/en\/amidst-insta-stories-and-science-events\/"]}]},{"@type":"ImageObject","inLanguage":"en-US","@id":"https:\/\/www.hiig.de\/en\/amidst-insta-stories-and-science-events\/#primaryimage","url":"https:\/\/www.hiig.de\/wp-content\/uploads\/2018\/11\/IMG_3560.jpg","contentUrl":"https:\/\/www.hiig.de\/wp-content\/uploads\/2018\/11\/IMG_3560.jpg","width":800,"height":450},{"@type":"BreadcrumbList","@id":"https:\/\/www.hiig.de\/en\/amidst-insta-stories-and-science-events\/#breadcrumb","itemListElement":[{"@type":"ListItem","position":1,"name":"Home","item":"https:\/\/www.hiig.de\/en\/"},{"@type":"ListItem","position":2,"name":"Amidst Insta stories and science events"}]},{"@type":"WebSite","@id":"https:\/\/www.hiig.de\/#website","url":"https:\/\/www.hiig.de\/","name":"HIIG","description":"Alexander von Humboldt Institute for Internet and Society","publisher":{"@id":"https:\/\/www.hiig.de\/#organization"},"potentialAction":[{"@type":"SearchAction","target":{"@type":"EntryPoint","urlTemplate":"https:\/\/www.hiig.de\/?s={search_term_string}"},"query-input":{"@type":"PropertyValueSpecification","valueRequired":true,"valueName":"search_term_string"}}],"inLanguage":"en-US"},{"@type":"Organization","@id":"https:\/\/www.hiig.de\/#organization","name":"HIIG","url":"https:\/\/www.hiig.de\/","logo":{"@type":"ImageObject","inLanguage":"en-US","@id":"https:\/\/www.hiig.de\/#\/schema\/logo\/image\/","url":"https:\/\/www.hiig.de\/wp-content\/uploads\/2019\/06\/hiig.png","contentUrl":"https:\/\/www.hiig.de\/wp-content\/uploads\/2019\/06\/hiig.png","width":320,"height":80,"caption":"HIIG"},"image":{"@id":"https:\/\/www.hiig.de\/#\/schema\/logo\/image\/"}},{"@type":"Person","@id":"https:\/\/www.hiig.de\/#\/schema\/person\/408823b8ef9e98cd0ac7fc6adcfa7826","name":"Nadine Lahn"}]}},"_links":{"self":[{"href":"https:\/\/www.hiig.de\/en\/wp-json\/wp\/v2\/posts\/54282","targetHints":{"allow":["GET"]}}],"collection":[{"href":"https:\/\/www.hiig.de\/en\/wp-json\/wp\/v2\/posts"}],"about":[{"href":"https:\/\/www.hiig.de\/en\/wp-json\/wp\/v2\/types\/post"}],"author":[{"embeddable":true,"href":"https:\/\/www.hiig.de\/en\/wp-json\/wp\/v2\/users\/209"}],"replies":[{"embeddable":true,"href":"https:\/\/www.hiig.de\/en\/wp-json\/wp\/v2\/comments?post=54282"}],"version-history":[{"count":8,"href":"https:\/\/www.hiig.de\/en\/wp-json\/wp\/v2\/posts\/54282\/revisions"}],"predecessor-version":[{"id":74531,"href":"https:\/\/www.hiig.de\/en\/wp-json\/wp\/v2\/posts\/54282\/revisions\/74531"}],"wp:featuredmedia":[{"embeddable":true,"href":"https:\/\/www.hiig.de\/en\/wp-json\/wp\/v2\/media\/54284"}],"wp:attachment":[{"href":"https:\/\/www.hiig.de\/en\/wp-json\/wp\/v2\/media?parent=54282"}],"wp:term":[{"taxonomy":"category","embeddable":true,"href":"https:\/\/www.hiig.de\/en\/wp-json\/wp\/v2\/categories?post=54282"},{"taxonomy":"post_tag","embeddable":true,"href":"https:\/\/www.hiig.de\/en\/wp-json\/wp\/v2\/tags?post=54282"}],"curies":[{"name":"wp","href":"https:\/\/api.w.org\/{rel}","templated":true}]}}