{"id":37162,"date":"2017-11-21T09:48:29","date_gmt":"2017-11-21T08:48:29","guid":{"rendered":"https:\/\/www.hiig.de\/?p=37162\/"},"modified":"2019-01-25T14:42:18","modified_gmt":"2019-01-25T13:42:18","slug":"manuel-castells-lecture-series-digital-society","status":"publish","type":"post","link":"https:\/\/www.hiig.de\/en\/manuel-castells-lecture-series-digital-society\/","title":{"rendered":"Manuel Castells inaugurates high-profile lecture series on digital society"},"content":{"rendered":"<p><em><span style=\"font-weight: 400;\">The current rapid social and technological change brings about enormous uncertainties \u2013 a great need for explanations and sense-making but also of shaping our common future. The Alexander von Humboldt Institute for Internet and Society (HIIG) and the German Federal Agency for Civic Education (bpb) are starting a <a href=\"https:\/\/www.hiig.de\/en\/making-sense-of-the-digital-society\/\">high-profile lecture series<\/a> with great European thinkers to help us making sense of the digital society. Starting with an <a href=\"https:\/\/www.hiig.de\/en\/events\/power-counter-power-in-digital-society\/\">inaugural lecture by Manuel Castells on 12 December 2017<\/a>\u00a0at Kino International in Berlin , the lecture series addresses fundamental questions: What is power in the digital society, and how is it distributed?<\/span><\/em><\/p>\n<p><em><span style=\"font-weight: 400;\">The advent of digitally networked technologies has long been thought to foster democratisation and emancipation, to empower people that have previously been marginalized and neglected. Today, we know that the story is more complex: only a few companies dominate the internet ecosystem, democratic uprisings like the much-cited \u201cArab Spring\u201d have faced severe repressions. Already with his highly influential trilogy \u201cThe Information Age\u201d, Manuel Castells has highlighted the ambiguities of this development. Traditional forms of power might erose, but new, distributed forms of power emerge, Castells argued back then. In this lecture, he will revisit the development of the last 20 years and explain the re-distribution of power and counter-power in the digital society.<\/span><\/em><\/p>\n<p><em><span style=\"font-weight: 400;\">The lecture series starts in December 2017 and will run throughout 2018. Confirmed speakers are next to Manuel Castells, Marion Fourcade (UC Berkeley), Christoph Neuberger (LMU M\u00fcnchen) and Jos\u00e9 van Dijck, author of the forthcoming book The Platform Society and president of the Royal Netherlands Academy of Arts and Sciences. Read below for the complete press release in German.\u00a0<\/span><\/em><\/p>\n<p>_________________________<\/p>\n<p><b>Der Prozess des digitalen Wandels wird von tiefgreifenden gesellschaftlichen Ver\u00e4nderungen und Ungewissheiten begleitet. Das Alexander von Humboldt Institut f\u00fcr Internet und Gesellschaft (HIIG) und die Bundeszentrale f\u00fcr politische Bildung\/bpb laden f\u00fchrende europ\u00e4ische Intellektuelle dazu ein, die Transformationsprozesse zu erkl\u00e4ren und zu gestalten. <\/b><strong>Manuel Castells er\u00f6ffnet die prominent besetzte Redenreihe am 12. Dezember mit einer Rede zu Machtverh\u00e4ltnissen in der digitalen Gesellschaft. Weitere vision\u00e4re RednerInnen sind Marion Fourcade, Christoph Neuberger und Jos\u00e9 van Dijck.<\/strong><\/p>\n<p><b><i>Berlin, 21. November 2017<\/i><\/b><span style=\"font-weight: 400;\"> \u2013 Durch den Prozess der Digitalisierung stellen sich grundlegende Fragen f\u00fcr die digitale Gesellschaft: nach Macht und Ungleichheit, Demokratie und \u00d6ffentlichkeit, nach Infrastrukturen und Plattformen. Das Alexander von Humboldt Institut f\u00fcr Internet und Gesellschaft (HIIG) und die Bundeszentrale f\u00fcr politische Bildung (bpb) m\u00f6chten mit einer prominent besetzten Redenreihe wichtigen akademischen Stimmen Raum f\u00fcr Diskussion bieten. Unter dem Titel \u201c<\/span><a href=\"https:\/\/www.hiig.de\/making-sense-of-the-digital-society\/\"><span style=\"font-weight: 400;\">Making sense of digital society<\/span><\/a><span style=\"font-weight: 400;\">\u201d laden HIIG und bpb f\u00fchrende europ\u00e4ische Intellektuelle dazu ein, den digitalen Wandel zu erkl\u00e4ren und zu gestalten. <\/span><\/p>\n<p>Die Redenreihe wird am 12. Dezember von einem <a href=\"https:\/\/www.hiig.de\/events\/power-counter-power-in-digital-society\/\">Vortrag Manuel Castells<\/a>, einem der prominentesten Sozialwissenschaftler weltweit, zu Macht in der digitalen Gesellschaft im Kino International in Berlin er\u00f6ffnet. Der Autor der einflussreichen Trilogie \u201cThe Information Age\u201d widmet sich der Frage, wer in der digitalen Gesellschaft m\u00e4chtig ist \u2013 und wie bestehende Machtverh\u00e4ltnisse in Frage gestellt werden k\u00f6nnen. Digital vernetzte Technologien wurden lange als Demokatisierungs- und Emanzipationsmittel verstanden. Heute wissen wir, dass dies die komplexen Ver\u00e4nderungen der digitalen Gesellschaft nur zum Teil widerspiegelt: Einige wenige Unternehmen dominieren M\u00e4rkte und Infrastrukturen. Manuel Castells wies bereits in \u201cThe Information Age\u201d auf die Ambivalenzen dieser Entwicklungen hin. Seiner Argumentation nach erodieren traditionelle Formen der Macht, aber gleichzeitig entstehen neue Formen der Machtverteilung. In seinem Vortrag wird Castells auf die Entwicklungen der letzten 20 Jahre eingehen.<\/p>\n<p>Nach dem Auftakt im Dezember wird die Redenreihe mit verschiedenen RednerInnen 2018 fortgef\u00fchrt. Marion Fourcade, Professorin f\u00fcr Soziologie an der Berkeley Universit\u00e4t, forscht zu Moralit\u00e4t in der digitalen \u00d6konomie, Christoph Neuberger ist Kommunikationswissenschaftler an der LMU M\u00fcnchen und widmet sich Journalismus und \u00d6ffentlichkeit im Internet und Jos\u00e9 van Dijck, Autorin des in K\u00fcrze erscheinenden Buches \u201cThe Platform Society\u201d und Pr\u00e4sidentin der Royal Netherlands Academy of Arts and Sciences, versucht unsere Gesellschaft in Zeiten von dominanten Plattformen wie Amazon, Facebook und Google zu beschreiben.<\/p>\n<p>Die RednerInnen der Reihe werden auf grundlegende Fragestellungen eingehen: Sind wir Zeugen einer Wiederbelebung der Demokratie durch mehr Partizipationsm\u00f6glichkeiten und gr\u00f6\u00dfere Transparenz durch das Internet? Oder erfahren wir den Niedergang der Demokratie durch Fragmentierung und Populismus? Sind datengetriebene Dienste eine Verbesserung f\u00fcr unser Privat- und Arbeitsleben oder verst\u00e4rken sie soziale Ungleichheiten? Was \u00e4ndert sich tats\u00e4chlich in unserer Gesellschaft, abseits des Hypes und der kurzzeitigen Begeisterung?<\/p>\n<p>Details zur Veranstaltung: Die Rede von\u00a0Manuel Castells: <a title=\"Manuel Castells\" href=\"https:\/\/www.hiig.de\/en\/events\/power-counter-power-in-digital-society\/\" target=\"_blank\" rel=\"noopener\"><strong>Power and counter-power in the digital society<\/strong><\/a>\u00a0wird am Dienstag, den 12. Dezember 2017 von 19:00 bis 21:00 Uhr im <a href=\"http:\/\/www.kino-international.com\/\">Kino International<\/a>,\u00a0<a title=\"Maps\" href=\"https:\/\/goo.gl\/maps\/wxcbewXLMAn\" target=\"_blank\" rel=\"noopener\">Karl-Marx-Allee 33<\/a>, 10178 Berlin stattfinden.\u00a0Manuel Castells, einer der prominentesten Sozialwissenschaftler weltweit, spricht \u00fcber dieses Thema nach einer Begr\u00fc\u00dfung und Einf\u00fchrung von Caroline Hornstein-Tomi\u0107, Fachabteilungsleiterin der bpb und Jeanette Hofmann, Direktorin am HIIG.<\/p>\n<p><b>Weitere Informationen:<\/b><\/p>\n<p><a href=\"https:\/\/www.hiig.de\/making-sense-of-the-digital-society\/\"><span style=\"font-weight: 400;\">https:\/\/www.hiig.de\/making-sense-of-the-digital-society\/<\/span><\/a><span style=\"font-weight: 400;\"> (Redenreihe)<\/span><\/p>\n<p><a href=\"https:\/\/www.hiig.de\/events\/power-counter-power-in-digital-society\/\"><span style=\"font-weight: 400;\">https:\/\/www.hiig.de\/events\/power-counter-power-in-digital-society\/<\/span><\/a><span style=\"font-weight: 400;\"> (Veranstaltung &amp; Anmeldung)<\/span><\/p>\n<p><b>Pressekontakt und Akkreditierung:<\/b> <span style=\"font-weight: 400;\">Florian L\u00fcdtke | Tel. +49\u00a030\u00a0200 760 82 | <\/span><a href=\"mailto:presse@hiig.de\"><span style=\"font-weight: 400;\">presse@hiig.de\u00a0<\/span><\/a><\/p>\n<p><b><i>\u00dcber die Bundeszentrale f\u00fcr politische Bildung<\/i><\/b><\/p>\n<p><i><span style=\"font-weight: 400;\">Im Zentrum der Arbeit der <a href=\"http:\/\/www.bpb.de\/\" target=\"_blank\" rel=\"noopener\">Bundeszentrale f\u00fcr politische Bildung\/bpb<\/a> steht die F\u00f6rderung des Bewusstseins f\u00fcr Demokratie und politische Partizipation. Aktuelle und historische Themen greift sie mit Veranstaltungen, Printprodukten, audiovisuellen Produkten und durch Online-Angebote auf. Veranstaltungsformate der bpb sind Tagungen, Kongresse, Festivals, Messen, Ausstellungen, Studienreisen, Wettbewerbe, Kinoseminare und Kulturveranstaltungen sowie Events und Journalistenweiterbildungen. Das breit gef\u00e4cherte Bildungsangebot der bpb soll B\u00fcrgerinnen und B\u00fcrger motivieren und bef\u00e4higen, sich kritisch mit politischen und gesellschaftlichen Fragen auseinander zu setzen und aktiv am politischen Leben teilzunehmen. Aus den Erfahrungen mit diktatorischen Herrschaftsformen in der deutschen Geschichte erw\u00e4chst f\u00fcr die Bundesrepublik Deutschland die besondere Verantwortung, Werte wie Demokratie, Pluralismus und Toleranz im Bewusstsein der Bev\u00f6lkerung zu festigen. <\/span><\/i><\/p>\n<p><i><span style=\"font-weight: 400;\">Die unterschiedlichen Bildungsangebote der bpb vermitteln Einblicke in die historischen und gesellschaftlichen Zusammenh\u00e4nge politischer, kultureller, sozialer sowie wirtschaftlicher Prozesse. Ihre Aufgabe erf\u00fcllt sie in eigener gesellschaftspolitischer, p\u00e4dagogischer und publizistischer Verantwortung. Sie ist \u00fcberparteilich und wissenschaftlich ausgewogen. Als eine Institution der staatlich verfassten politischen Bildung unterst\u00fctzt die bpb bundesweit Einrichtungen, Nicht-Regierungsorganisationen, Stiftungen und Vereine, die politische Bildung anbieten. Interessierte B\u00fcrgerinnen und B\u00fcrger k\u00f6nnen sich bei der bpb also umfassend informieren.<\/span><\/i><\/p>\n<p>&nbsp;<\/p>\n<p><b><i>\u00dcber das HIIG<\/i><\/b><\/p>\n<p><i><span style=\"font-weight: 400;\">Das Alexander von Humboldt Institut f\u00fcr Internet und Gesellschaft (HIIG) zielt darauf ab, die dynamische Beziehung von Internet und Gesellschaft zu erforschen. Es soll ein tieferes Verst\u00e4ndnis des Zusammenspiels zwischen sozio-kulturellen, rechtlichen, \u00f6konomischen und technischen Normen im Digitalisierungsprozess erlangt werden und damit eine fundierte, sachliche Grundlage f\u00fcr den Dialog der verschiedenen Interessengruppen aus Politik, Wirtschaft und Gesellschaft geschaffen werden. Wesentlicher Bezugsrahmen f\u00fcr die Forschung sind die Ver\u00e4nderungen im Spannungsfeld von Governance und Innovation. Diese Wechselbeziehungen sind variantenreich und strukturbildend; sie werden praktisch in allen gesellschaftlichen Bereichen und wirtschaftlichen Sektoren wirksam: in Staat und Verwaltung, Unternehmen und M\u00e4rkten wie auch in verschiedenen zivilgesellschaftlichen Gruppen, auf der lokalen bis hin zur globalen Ebene. <\/span><\/i><\/p>\n<p><i><span style=\"font-weight: 400;\">Das HIIG wurde 2011 von der Humboldt-Universit\u00e4t zu Berlin (HU), der Universit\u00e4t der K\u00fcnste Berlin (UdK) und vom Wissenschaftszentrum Berlin f\u00fcr Sozialforschung (WZB) gegr\u00fcndet mit dem Hans-Bredow-Institut Hamburg als integrierter Kooperationspartner. Die ForschungsdirektorInnen des Instituts sind <\/span><\/i><a href=\"https:\/\/www.hiig.de\/staff\/prof-dr-jeanette-hofmann\/\"><i><span style=\"font-weight: 400;\">Prof. Dr. Jeanette Hofmann<\/span><\/i><\/a><i><span style=\"font-weight: 400;\">, <\/span><\/i><a href=\"https:\/\/www.hiig.de\/staff\/prof-dr-dr-ingolf-pernice-3\/\"><i><span style=\"font-weight: 400;\">Prof. Dr. Dr. h.c. Ingolf Pernice<\/span><\/i><\/a><i><span style=\"font-weight: 400;\">, <\/span><\/i><a href=\"https:\/\/www.hiig.de\/staff\/prof-dr-dr-thomas-schildhauer-3\/\"><i><span style=\"font-weight: 400;\">Prof. Dr. Dr.\u00a0Thomas Schildhauer<\/span><\/i><\/a><i><span style=\"font-weight: 400;\"> und <\/span><\/i><a href=\"https:\/\/www.hiig.de\/staff\/prof-dr-wolfgang-schulz-3\/\"><i><span style=\"font-weight: 400;\">Prof. Dr. Wolfgang Schulz<\/span><\/i><\/a><i><span style=\"font-weight: 400;\">.<\/span><\/i><\/p>\n<div class=\"shariff shariff-align-flex-start shariff-widget-align-flex-start\"><ul class=\"shariff-buttons theme-round orientation-horizontal buttonsize-medium\"><li class=\"shariff-button linkedin shariff-nocustomcolor\" style=\"background-color:#1488bf\"><a href=\"https:\/\/www.linkedin.com\/sharing\/share-offsite\/?url=https%3A%2F%2Fwww.hiig.de%2Fen%2Fmanuel-castells-lecture-series-digital-society%2F\" title=\"Share on LinkedIn\" aria-label=\"Share on LinkedIn\" role=\"button\" rel=\"noopener nofollow\" class=\"shariff-link\" style=\"; background-color:#0077b5; color:#fff\" target=\"_blank\"><span class=\"shariff-icon\" style=\"\"><svg width=\"32px\" height=\"20px\" xmlns=\"http:\/\/www.w3.org\/2000\/svg\" viewBox=\"0 0 27 32\"><path fill=\"#0077b5\" d=\"M6.2 11.2v17.7h-5.9v-17.7h5.9zM6.6 5.7q0 1.3-0.9 2.2t-2.4 0.9h0q-1.5 0-2.4-0.9t-0.9-2.2 0.9-2.2 2.4-0.9 2.4 0.9 0.9 2.2zM27.4 18.7v10.1h-5.9v-9.5q0-1.9-0.7-2.9t-2.3-1.1q-1.1 0-1.9 0.6t-1.2 1.5q-0.2 0.5-0.2 1.4v9.9h-5.9q0-7.1 0-11.6t0-5.3l0-0.9h5.9v2.6h0q0.4-0.6 0.7-1t1-0.9 1.6-0.8 2-0.3q3 0 4.9 2t1.9 6z\"\/><\/svg><\/span><\/a><\/li><li class=\"shariff-button bluesky shariff-nocustomcolor\" style=\"background-color:#84c4ff\"><a href=\"https:\/\/bsky.app\/intent\/compose?text=Manuel%20Castells%20inaugurates%20high-profile%20lecture%20series%20on%20digital%20society https%3A%2F%2Fwww.hiig.de%2Fen%2Fmanuel-castells-lecture-series-digital-society%2F  via @hiigberlin.bsky.social\" title=\"Share on Bluesky\" aria-label=\"Share on Bluesky\" role=\"button\" rel=\"noopener nofollow\" class=\"shariff-link\" style=\"; background-color:#0085ff; color:#fff\" target=\"_blank\"><span class=\"shariff-icon\" style=\"\"><svg width=\"20\" height=\"20\" version=\"1.1\" xmlns=\"http:\/\/www.w3.org\/2000\/svg\" viewBox=\"0 0 20 20\"><path class=\"st0\" d=\"M4.89,3.12c2.07,1.55,4.3,4.71,5.11,6.4.82-1.69,3.04-4.84,5.11-6.4,1.49-1.12,3.91-1.99,3.91.77,0,.55-.32,4.63-.5,5.3-.64,2.3-2.99,2.89-5.08,2.54,3.65.62,4.58,2.68,2.57,4.74-3.81,3.91-5.48-.98-5.9-2.23-.08-.23-.11-.34-.12-.25,0-.09-.04.02-.12.25-.43,1.25-2.09,6.14-5.9,2.23-2.01-2.06-1.08-4.12,2.57-4.74-2.09.36-4.44-.23-5.08-2.54-.19-.66-.5-4.74-.5-5.3,0-2.76,2.42-1.89,3.91-.77h0Z\"\/><\/svg><\/span><\/a><\/li><li class=\"shariff-button mailto shariff-nocustomcolor\" style=\"background-color:#a8a8a8\"><a href=\"mailto:?body=https%3A%2F%2Fwww.hiig.de%2Fen%2Fmanuel-castells-lecture-series-digital-society%2F&subject=Manuel%20Castells%20inaugurates%20high-profile%20lecture%20series%20on%20digital%20society\" title=\"Send by email\" aria-label=\"Send by email\" role=\"button\" rel=\"noopener nofollow\" class=\"shariff-link\" style=\"; background-color:#999; color:#fff\"><span class=\"shariff-icon\" style=\"\"><svg width=\"32px\" height=\"20px\" xmlns=\"http:\/\/www.w3.org\/2000\/svg\" viewBox=\"0 0 32 32\"><path fill=\"#999\" d=\"M32 12.7v14.2q0 1.2-0.8 2t-2 0.9h-26.3q-1.2 0-2-0.9t-0.8-2v-14.2q0.8 0.9 1.8 1.6 6.5 4.4 8.9 6.1 1 0.8 1.6 1.2t1.7 0.9 2 0.4h0.1q0.9 0 2-0.4t1.7-0.9 1.6-1.2q3-2.2 8.9-6.1 1-0.7 1.8-1.6zM32 7.4q0 1.4-0.9 2.7t-2.2 2.2q-6.7 4.7-8.4 5.8-0.2 0.1-0.7 0.5t-1 0.7-0.9 0.6-1.1 0.5-0.9 0.2h-0.1q-0.4 0-0.9-0.2t-1.1-0.5-0.9-0.6-1-0.7-0.7-0.5q-1.6-1.1-4.7-3.2t-3.6-2.6q-1.1-0.7-2.1-2t-1-2.5q0-1.4 0.7-2.3t2.1-0.9h26.3q1.2 0 2 0.8t0.9 2z\"\/><\/svg><\/span><\/a><\/li><\/ul><\/div>","protected":false},"excerpt":{"rendered":"<p>The current rapid social and technological change brings about enormous uncertainties \u2013 a great need for explanations and sense-making but also of shaping our common future. The Alexander von Humboldt Institute for Internet and Society (HIIG) and the German Federal Agency for Civic Education (bpb) are starting a high-profile lecture series with great European thinkers&hellip;<\/p>\n","protected":false},"author":99,"featured_media":37160,"comment_status":"open","ping_status":"open","sticky":false,"template":"","format":"standard","meta":{"_acf_changed":false,"footnotes":""},"categories":[120],"tags":[170],"class_list":["post-37162","post","type-post","status-publish","format-standard","has-post-thumbnail","hentry","category-press_release","tag-home-hidden-en"],"acf":[],"yoast_head":"<!-- This site is optimized with the Yoast SEO plugin v26.6 - https:\/\/yoast.com\/wordpress\/plugins\/seo\/ -->\n<title>Manuel Castells inaugurates lecture series on digital society | HIIG<\/title>\n<meta name=\"description\" content=\"The Humboldt Institute for Internet and Soceity (HIIG) and the bpb start a high-profile lecture series on digital society on 12 December 2017.\" \/>\n<meta name=\"robots\" content=\"index, follow, max-snippet:-1, max-image-preview:large, max-video-preview:-1\" \/>\n<link rel=\"canonical\" href=\"https:\/\/www.hiig.de\/en\/manuel-castells-lecture-series-digital-society\/\" \/>\n<meta property=\"og:locale\" content=\"en_US\" \/>\n<meta property=\"og:type\" content=\"article\" \/>\n<meta property=\"og:title\" content=\"Manuel Castells inaugurates lecture series on digital society | HIIG\" \/>\n<meta property=\"og:description\" content=\"The Humboldt Institute for Internet and Soceity (HIIG) and the bpb start a high-profile lecture series on digital society on 12 December 2017.\" \/>\n<meta property=\"og:url\" content=\"https:\/\/www.hiig.de\/en\/manuel-castells-lecture-series-digital-society\/\" \/>\n<meta property=\"og:site_name\" content=\"HIIG\" \/>\n<meta property=\"article:published_time\" content=\"2017-11-21T08:48:29+00:00\" \/>\n<meta property=\"article:modified_time\" content=\"2019-01-25T13:42:18+00:00\" \/>\n<meta property=\"og:image\" content=\"https:\/\/www.hiig.de\/wp-content\/uploads\/2017\/11\/Redenreihe_FR1_00-Allgemein-\u2013-16zu9.png\" \/>\n\t<meta property=\"og:image:width\" content=\"945\" \/>\n\t<meta property=\"og:image:height\" content=\"531\" \/>\n\t<meta property=\"og:image:type\" content=\"image\/png\" \/>\n<meta name=\"author\" content=\"Florian L\u00fcdtke\" \/>\n<meta name=\"twitter:card\" content=\"summary_large_image\" \/>\n<meta name=\"twitter:label1\" content=\"Written by\" \/>\n\t<meta name=\"twitter:data1\" content=\"Florian L\u00fcdtke\" \/>\n\t<meta name=\"twitter:label2\" content=\"Est. reading time\" \/>\n\t<meta name=\"twitter:data2\" content=\"6 minutes\" \/>\n<!-- \/ Yoast SEO plugin. -->","yoast_head_json":{"title":"Manuel Castells inaugurates lecture series on digital society | HIIG","description":"The Humboldt Institute for Internet and Soceity (HIIG) and the bpb start a high-profile lecture series on digital society on 12 December 2017.","robots":{"index":"index","follow":"follow","max-snippet":"max-snippet:-1","max-image-preview":"max-image-preview:large","max-video-preview":"max-video-preview:-1"},"canonical":"https:\/\/www.hiig.de\/en\/manuel-castells-lecture-series-digital-society\/","og_locale":"en_US","og_type":"article","og_title":"Manuel Castells inaugurates lecture series on digital society | HIIG","og_description":"The Humboldt Institute for Internet and Soceity (HIIG) and the bpb start a high-profile lecture series on digital society on 12 December 2017.","og_url":"https:\/\/www.hiig.de\/en\/manuel-castells-lecture-series-digital-society\/","og_site_name":"HIIG","article_published_time":"2017-11-21T08:48:29+00:00","article_modified_time":"2019-01-25T13:42:18+00:00","og_image":[{"width":945,"height":531,"url":"https:\/\/www.hiig.de\/wp-content\/uploads\/2017\/11\/Redenreihe_FR1_00-Allgemein-\u2013-16zu9.png","type":"image\/png"}],"author":"Florian L\u00fcdtke","twitter_card":"summary_large_image","twitter_misc":{"Written by":"Florian L\u00fcdtke","Est. reading time":"6 minutes"},"schema":{"@context":"https:\/\/schema.org","@graph":[{"@type":"Article","@id":"https:\/\/www.hiig.de\/en\/manuel-castells-lecture-series-digital-society\/#article","isPartOf":{"@id":"https:\/\/www.hiig.de\/en\/manuel-castells-lecture-series-digital-society\/"},"author":{"name":"Florian L\u00fcdtke","@id":"https:\/\/www.hiig.de\/#\/schema\/person\/c6560f58baccba120eaf5b23f1e48a0b"},"headline":"Manuel Castells inaugurates high-profile lecture series on digital society","datePublished":"2017-11-21T08:48:29+00:00","dateModified":"2019-01-25T13:42:18+00:00","mainEntityOfPage":{"@id":"https:\/\/www.hiig.de\/en\/manuel-castells-lecture-series-digital-society\/"},"wordCount":1212,"commentCount":0,"publisher":{"@id":"https:\/\/www.hiig.de\/#organization"},"image":{"@id":"https:\/\/www.hiig.de\/en\/manuel-castells-lecture-series-digital-society\/#primaryimage"},"thumbnailUrl":"https:\/\/www.hiig.de\/wp-content\/uploads\/2023\/12\/post_generic.png","keywords":["home-hidden @en"],"articleSection":["Press release"],"inLanguage":"en-US","potentialAction":[{"@type":"CommentAction","name":"Comment","target":["https:\/\/www.hiig.de\/en\/manuel-castells-lecture-series-digital-society\/#respond"]}]},{"@type":"WebPage","@id":"https:\/\/www.hiig.de\/en\/manuel-castells-lecture-series-digital-society\/","url":"https:\/\/www.hiig.de\/en\/manuel-castells-lecture-series-digital-society\/","name":"Manuel Castells inaugurates lecture series on digital society | HIIG","isPartOf":{"@id":"https:\/\/www.hiig.de\/#website"},"primaryImageOfPage":{"@id":"https:\/\/www.hiig.de\/en\/manuel-castells-lecture-series-digital-society\/#primaryimage"},"image":{"@id":"https:\/\/www.hiig.de\/en\/manuel-castells-lecture-series-digital-society\/#primaryimage"},"thumbnailUrl":"https:\/\/www.hiig.de\/wp-content\/uploads\/2023\/12\/post_generic.png","datePublished":"2017-11-21T08:48:29+00:00","dateModified":"2019-01-25T13:42:18+00:00","description":"The Humboldt Institute for Internet and Soceity (HIIG) and the bpb start a high-profile lecture series on digital society on 12 December 2017.","breadcrumb":{"@id":"https:\/\/www.hiig.de\/en\/manuel-castells-lecture-series-digital-society\/#breadcrumb"},"inLanguage":"en-US","potentialAction":[{"@type":"ReadAction","target":["https:\/\/www.hiig.de\/en\/manuel-castells-lecture-series-digital-society\/"]}]},{"@type":"ImageObject","inLanguage":"en-US","@id":"https:\/\/www.hiig.de\/en\/manuel-castells-lecture-series-digital-society\/#primaryimage","url":"https:\/\/www.hiig.de\/wp-content\/uploads\/2023\/12\/post_generic.png","contentUrl":"https:\/\/www.hiig.de\/wp-content\/uploads\/2023\/12\/post_generic.png","width":945,"height":531,"caption":"Manuel Castells er\u00f6ffnet prominent besetzte Redenreihe zur digitalen Gesellschaft"},{"@type":"BreadcrumbList","@id":"https:\/\/www.hiig.de\/en\/manuel-castells-lecture-series-digital-society\/#breadcrumb","itemListElement":[{"@type":"ListItem","position":1,"name":"Home","item":"https:\/\/www.hiig.de\/en\/"},{"@type":"ListItem","position":2,"name":"Manuel Castells inaugurates high-profile lecture series on digital society"}]},{"@type":"WebSite","@id":"https:\/\/www.hiig.de\/#website","url":"https:\/\/www.hiig.de\/","name":"HIIG","description":"Alexander von Humboldt Institute for Internet and Society","publisher":{"@id":"https:\/\/www.hiig.de\/#organization"},"potentialAction":[{"@type":"SearchAction","target":{"@type":"EntryPoint","urlTemplate":"https:\/\/www.hiig.de\/?s={search_term_string}"},"query-input":{"@type":"PropertyValueSpecification","valueRequired":true,"valueName":"search_term_string"}}],"inLanguage":"en-US"},{"@type":"Organization","@id":"https:\/\/www.hiig.de\/#organization","name":"HIIG","url":"https:\/\/www.hiig.de\/","logo":{"@type":"ImageObject","inLanguage":"en-US","@id":"https:\/\/www.hiig.de\/#\/schema\/logo\/image\/","url":"https:\/\/www.hiig.de\/wp-content\/uploads\/2019\/06\/hiig.png","contentUrl":"https:\/\/www.hiig.de\/wp-content\/uploads\/2019\/06\/hiig.png","width":320,"height":80,"caption":"HIIG"},"image":{"@id":"https:\/\/www.hiig.de\/#\/schema\/logo\/image\/"}},{"@type":"Person","@id":"https:\/\/www.hiig.de\/#\/schema\/person\/c6560f58baccba120eaf5b23f1e48a0b","name":"Florian L\u00fcdtke","sameAs":["https:\/\/www.hiig.de"]}]}},"_links":{"self":[{"href":"https:\/\/www.hiig.de\/en\/wp-json\/wp\/v2\/posts\/37162","targetHints":{"allow":["GET"]}}],"collection":[{"href":"https:\/\/www.hiig.de\/en\/wp-json\/wp\/v2\/posts"}],"about":[{"href":"https:\/\/www.hiig.de\/en\/wp-json\/wp\/v2\/types\/post"}],"author":[{"embeddable":true,"href":"https:\/\/www.hiig.de\/en\/wp-json\/wp\/v2\/users\/99"}],"replies":[{"embeddable":true,"href":"https:\/\/www.hiig.de\/en\/wp-json\/wp\/v2\/comments?post=37162"}],"version-history":[{"count":8,"href":"https:\/\/www.hiig.de\/en\/wp-json\/wp\/v2\/posts\/37162\/revisions"}],"predecessor-version":[{"id":55886,"href":"https:\/\/www.hiig.de\/en\/wp-json\/wp\/v2\/posts\/37162\/revisions\/55886"}],"wp:featuredmedia":[{"embeddable":true,"href":"https:\/\/www.hiig.de\/en\/wp-json\/wp\/v2\/media\/37160"}],"wp:attachment":[{"href":"https:\/\/www.hiig.de\/en\/wp-json\/wp\/v2\/media?parent=37162"}],"wp:term":[{"taxonomy":"category","embeddable":true,"href":"https:\/\/www.hiig.de\/en\/wp-json\/wp\/v2\/categories?post=37162"},{"taxonomy":"post_tag","embeddable":true,"href":"https:\/\/www.hiig.de\/en\/wp-json\/wp\/v2\/tags?post=37162"}],"curies":[{"name":"wp","href":"https:\/\/api.w.org\/{rel}","templated":true}]}}