{"id":30745,"date":"2014-12-01T18:14:48","date_gmt":"2014-12-01T17:14:48","guid":{"rendered":"https:\/\/www.hiig.de\/en\/?p=30745"},"modified":"2016-11-24T14:26:38","modified_gmt":"2016-11-24T13:26:38","slug":"pressemitteilung-schutz-von-privatsphaere-und-daten-in-zeiten-von-big-data-staatlicher-ueberwachung-und-digitaler-grenzenlosigkeit","status":"publish","type":"post","link":"https:\/\/www.hiig.de\/en\/pressemitteilung-schutz-von-privatsphaere-und-daten-in-zeiten-von-big-data-staatlicher-ueberwachung-und-digitaler-grenzenlosigkeit\/","title":{"rendered":"Pressemitteilung: Schutz von Privatsph\u00e4re und Daten in Zeiten von Big Data, staatlicher \u00dcberwachung und digitaler Grenzenlosigkeit"},"content":{"rendered":"<p align=\"center\"><strong>Konferenz am 3. Dezember 2014 von 9 \u2013 17 Uhr<\/strong><\/p>\n<p style=\"text-align: center;\"><strong>Senatssaal der Humboldt-Universit\u00e4t, Unter den Linden 6, 10117 Berlin<\/strong><strong><br \/>\n<\/strong><strong>Livestream unter\u00a0<a href=\"https:\/\/www.hiig.de\/privacy\" target=\"_blank\">www.hiig.de\/privacy<\/a>\u00a0|\u00a0#privacy14<\/strong><\/p>\n<p>Wie kann die Arbeit von Nachrichtendiensten im Spannungsfeld von Aufkl\u00e4rungsbedarf und Grundrechtsschutz auf eine moderne gesetzliche Grundlage gestellt werden? Was sind die Anforderungen an Transparenz, gesetzliche Mandatierung und Aufsicht der Dienste bei ihrer T\u00e4tigkeit im Ausland in einem demokratischen Rechtsstaat? Wie erreichen wir, dass EU-Staaten sich nicht gegenseitig ausspionieren? Kann man einen Unterschied zwischen den Rechten eigener B\u00fcrger und denen anderer EU-B\u00fcrger machen? Wie k\u00f6nnen Unternehmen ihre eigenen Daten und die ihrer Kunden ausreichend vor fremden Zugriffen sch\u00fctzen? Ist das isoliert in Deutschland m\u00f6glich oder ist nicht vielmehr eine intensive europ\u00e4isch-US-amerikanische Kooperation n\u00f6tig, um den technologischen Vorsprung zu halten? Die Allgemeine Erkl\u00e4rung der Menschenrechte sieht den Schutz der Privatsph\u00e4re als ein elementares Menschenrecht. Wie kann ein V\u00f6lkerrecht des Netzes dieses Recht auf globaler Ebene formulieren und durchsetzen?<\/p>\n<p>Hans-J\u00fcrgen Papier, der ehemalige Pr\u00e4sident des Bundesverfassungsgerichtes, wird die Konferenz mit einer Keynote er\u00f6ffnen. Es folgen vier hochrangig besetzte Panels zu den aktuellen Kernfragen von Sicherheit und Pers\u00f6nlichkeitsrechten im digitalen Zeitalter.<\/p>\n<p><i>\u201eDas Internet stellt unsere Gesellschaft, aber auch unsere Rechtsordnung insgesamt, vor gro\u00dfe neue Herausforderungen. Das betrifft die Grund- und Menschenrechte und das Konzept der Privatheit, aber auch so wenig \u00f6ffentliche Bereiche wie Geheimdienste und Spionage. Hier ist ein Umdenken n\u00f6tig seit diese Dienste neben der T\u00e4tigkeit fremder Staaten zunehmend auch private Unternehmen und Privatpersonen in den Fokus nehmen\u201c<\/i>, so Ingolf Pernice, Direktor des WHI und Mitdirektor des HIIG.<\/p>\n<p><i>\u201eMit dieser hochrangig besetzten Konferenz wollen wir anderthalb Jahre nach den Snowden-Ver\u00f6ffentlichungen einen l\u00f6sungsorientierten Beitrag zur Debatte um die Kontrolle von Nachrichtendiensten und den Schutz von Privatsph\u00e4re und Daten liefern\u201c<\/i>, so Markus L\u00f6ning vom Privacy Project.<\/p>\n<p>Die Konferenz ist eine gemeinsame Veranstaltung des\u00a0<a href=\"http:\/\/www.whi-berlin.eu\/\" target=\"_blank\">Walter Hallstein-Instituts f\u00fcr Europ\u00e4isches Verfassungsrecht<\/a>\u00a0(WHI), des <a href=\"https:\/\/www.hiig.de\/project\/recht-der-zivilen-sicherheit\/\" target=\"_blank\">Kompetenznetzwerks f\u00fcr das Recht der zivilen Sicherheit<\/a>\u00a0(KORSE) am\u00a0<a href=\"https:\/\/www.hiig.de\/\" target=\"_blank\">Alexander von Humboldt Institut f\u00fcr Internet und Gesellschaft<\/a>\u00a0(HIIG) und des\u00a0<a href=\"http:\/\/privacy-project.net\/de\/\" target=\"_blank\">Privacy Projects<\/a>\u00a0der\u00a0<a href=\"http:\/\/www.stiftung-nv.de\/\" target=\"_blank\">stiftung neue verantwortung<\/a>.<\/p>\n<p><b>Pressekontakte<\/b><br \/>\nJan-Peter Kleinhans, Mobil:\u00a0<a href=\"tel:%2B49%20163%206784927\" target=\"_blank\">+49 163 6784927<\/a>, Email:\u00a0<a href=\"http:\/\/jkleinhans@stiftung-nv.de\/\" target=\"_blank\">jkleinhans@stiftung-nv.de<\/a><br \/>\nJana Schudrowitz,\u00a0Mobil:\u00a0<a href=\"tel:%2B49%20171%207347745\" target=\"_blank\">+49 171 7347745<\/a>, Email:\u00a0<a href=\"http:\/\/jkleinhans@stiftung-nv.de\/\" target=\"_blank\">jana.schudrowitz@hiig.de<\/a><\/p>\n<p>Die\u00a0<b>stiftung neue verantwortung<\/b>\u00a0ist ein unabh\u00e4ngiger, gemeinn\u00fctziger und \u00fcberparteilicher Think Tank mit Sitz in Berlin. Sie f\u00f6rdert kreatives, interdisziplin\u00e4res und sektor-\u00fcbergreifendes Denken zu den wichtigsten gesellschaftspolitischen Themen und Herausforderungen des 21. Jahrhunderts. Durch ihr Fellow- und Associateprogramm erm\u00f6glicht sie den intensiven Austausch junger Experten, Praktiker und Vordenker aus Politik, Wirtschaft, Wissenschaft und Zivilgesellschaft.<\/p>\n<p>Das\u00a0<b>Alexander von Humboldt Institut f\u00fcr Internet und Gesellschaft\u00a0<\/b>wurde mit dem Ziel gegr\u00fcndet, innovative und impulsgebende wissenschaftliche Forschung im Bereich Internet und Gesellschaft zu leisten und die Entwicklung des Internets in seinem Zusammenspiel mit gesellschaftlichen Transformationsprozessen zu begleiten. Das Institut versteht sich als Plattform f\u00fcr Wissenschaftler, um die kooperative Entwicklung von Projekten, Anwendungen und Forschungsnetzwerken zu f\u00f6rdern und die wissenschaftlichen Forschungsergebnisse f\u00fcr Fragen von politischen Akteuren, Zivilgesellschaft und Unternehmen zug\u00e4nglich zu machen.<\/p>\n<p style=\"text-align: center;\">\n<div class=\"shariff shariff-align-flex-start shariff-widget-align-flex-start\"><ul class=\"shariff-buttons theme-round orientation-horizontal buttonsize-medium\"><li class=\"shariff-button linkedin shariff-nocustomcolor\" style=\"background-color:#1488bf\"><a href=\"https:\/\/www.linkedin.com\/sharing\/share-offsite\/?url=https%3A%2F%2Fwww.hiig.de%2Fen%2Fpressemitteilung-schutz-von-privatsphaere-und-daten-in-zeiten-von-big-data-staatlicher-ueberwachung-und-digitaler-grenzenlosigkeit%2F\" title=\"Share on LinkedIn\" aria-label=\"Share on LinkedIn\" role=\"button\" rel=\"noopener nofollow\" class=\"shariff-link\" style=\"; background-color:#0077b5; color:#fff\" target=\"_blank\"><span class=\"shariff-icon\" style=\"\"><svg width=\"32px\" height=\"20px\" xmlns=\"http:\/\/www.w3.org\/2000\/svg\" viewBox=\"0 0 27 32\"><path fill=\"#0077b5\" d=\"M6.2 11.2v17.7h-5.9v-17.7h5.9zM6.6 5.7q0 1.3-0.9 2.2t-2.4 0.9h0q-1.5 0-2.4-0.9t-0.9-2.2 0.9-2.2 2.4-0.9 2.4 0.9 0.9 2.2zM27.4 18.7v10.1h-5.9v-9.5q0-1.9-0.7-2.9t-2.3-1.1q-1.1 0-1.9 0.6t-1.2 1.5q-0.2 0.5-0.2 1.4v9.9h-5.9q0-7.1 0-11.6t0-5.3l0-0.9h5.9v2.6h0q0.4-0.6 0.7-1t1-0.9 1.6-0.8 2-0.3q3 0 4.9 2t1.9 6z\"\/><\/svg><\/span><\/a><\/li><li class=\"shariff-button bluesky shariff-nocustomcolor\" style=\"background-color:#84c4ff\"><a href=\"https:\/\/bsky.app\/intent\/compose?text=Pressemitteilung%3A%20Schutz%20von%20Privatsph%C3%A4re%20und%20Daten%20in%20Zeiten%20von%20Big%20Data%2C%20staatlicher%20%C3%9Cberwachung%20und%20digitaler%20Grenzenlosigkeit https%3A%2F%2Fwww.hiig.de%2Fen%2Fpressemitteilung-schutz-von-privatsphaere-und-daten-in-zeiten-von-big-data-staatlicher-ueberwachung-und-digitaler-grenzenlosigkeit%2F  via @hiigberlin.bsky.social\" title=\"Share on Bluesky\" aria-label=\"Share on Bluesky\" role=\"button\" rel=\"noopener nofollow\" class=\"shariff-link\" style=\"; background-color:#0085ff; color:#fff\" target=\"_blank\"><span class=\"shariff-icon\" style=\"\"><svg width=\"20\" height=\"20\" version=\"1.1\" xmlns=\"http:\/\/www.w3.org\/2000\/svg\" viewBox=\"0 0 20 20\"><path class=\"st0\" d=\"M4.89,3.12c2.07,1.55,4.3,4.71,5.11,6.4.82-1.69,3.04-4.84,5.11-6.4,1.49-1.12,3.91-1.99,3.91.77,0,.55-.32,4.63-.5,5.3-.64,2.3-2.99,2.89-5.08,2.54,3.65.62,4.58,2.68,2.57,4.74-3.81,3.91-5.48-.98-5.9-2.23-.08-.23-.11-.34-.12-.25,0-.09-.04.02-.12.25-.43,1.25-2.09,6.14-5.9,2.23-2.01-2.06-1.08-4.12,2.57-4.74-2.09.36-4.44-.23-5.08-2.54-.19-.66-.5-4.74-.5-5.3,0-2.76,2.42-1.89,3.91-.77h0Z\"\/><\/svg><\/span><\/a><\/li><li class=\"shariff-button mailto shariff-nocustomcolor\" style=\"background-color:#a8a8a8\"><a href=\"mailto:?body=https%3A%2F%2Fwww.hiig.de%2Fen%2Fpressemitteilung-schutz-von-privatsphaere-und-daten-in-zeiten-von-big-data-staatlicher-ueberwachung-und-digitaler-grenzenlosigkeit%2F&subject=Pressemitteilung%3A%20Schutz%20von%20Privatsph%C3%A4re%20und%20Daten%20in%20Zeiten%20von%20Big%20Data%2C%20staatlicher%20%C3%9Cberwachung%20und%20digitaler%20Grenzenlosigkeit\" title=\"Send by email\" aria-label=\"Send by email\" role=\"button\" rel=\"noopener nofollow\" class=\"shariff-link\" style=\"; background-color:#999; color:#fff\"><span class=\"shariff-icon\" style=\"\"><svg width=\"32px\" height=\"20px\" xmlns=\"http:\/\/www.w3.org\/2000\/svg\" viewBox=\"0 0 32 32\"><path fill=\"#999\" d=\"M32 12.7v14.2q0 1.2-0.8 2t-2 0.9h-26.3q-1.2 0-2-0.9t-0.8-2v-14.2q0.8 0.9 1.8 1.6 6.5 4.4 8.9 6.1 1 0.8 1.6 1.2t1.7 0.9 2 0.4h0.1q0.9 0 2-0.4t1.7-0.9 1.6-1.2q3-2.2 8.9-6.1 1-0.7 1.8-1.6zM32 7.4q0 1.4-0.9 2.7t-2.2 2.2q-6.7 4.7-8.4 5.8-0.2 0.1-0.7 0.5t-1 0.7-0.9 0.6-1.1 0.5-0.9 0.2h-0.1q-0.4 0-0.9-0.2t-1.1-0.5-0.9-0.6-1-0.7-0.7-0.5q-1.6-1.1-4.7-3.2t-3.6-2.6q-1.1-0.7-2.1-2t-1-2.5q0-1.4 0.7-2.3t2.1-0.9h26.3q1.2 0 2 0.8t0.9 2z\"\/><\/svg><\/span><\/a><\/li><\/ul><\/div>","protected":false},"excerpt":{"rendered":"<p>Konferenz am 3. Dezember 2014 von 9 \u2013 17 Uhr Senatssaal der Humboldt-Universit\u00e4t, Unter den Linden 6, 10117 Berlin Livestream unter\u00a0www.hiig.de\/privacy\u00a0|\u00a0#privacy14 Wie kann die Arbeit von Nachrichtendiensten im Spannungsfeld von Aufkl\u00e4rungsbedarf und Grundrechtsschutz auf eine moderne gesetzliche Grundlage gestellt werden? Was sind die Anforderungen an Transparenz, gesetzliche Mandatierung und Aufsicht der Dienste bei ihrer T\u00e4tigkeit&hellip;<\/p>\n","protected":false},"author":120,"featured_media":0,"comment_status":"open","ping_status":"open","sticky":false,"template":"","format":"standard","meta":{"_acf_changed":false,"footnotes":""},"categories":[120],"tags":[170],"class_list":["post-30745","post","type-post","status-publish","format-standard","hentry","category-press_release","tag-home-hidden-en"],"acf":[],"yoast_head":"<!-- This site is optimized with the Yoast SEO plugin v26.6 - https:\/\/yoast.com\/wordpress\/plugins\/seo\/ -->\n<title>Pressemitteilung: Schutz von Privatsph\u00e4re und Daten in Zeiten von Big Data, staatlicher \u00dcberwachung und digitaler Grenzenlosigkeit &#8211; Digital Society Blog<\/title>\n<meta name=\"robots\" content=\"index, follow, max-snippet:-1, max-image-preview:large, max-video-preview:-1\" \/>\n<link rel=\"canonical\" href=\"https:\/\/www.hiig.de\/en\/pressemitteilung-schutz-von-privatsphaere-und-daten-in-zeiten-von-big-data-staatlicher-ueberwachung-und-digitaler-grenzenlosigkeit\/\" \/>\n<meta property=\"og:locale\" content=\"en_US\" \/>\n<meta property=\"og:type\" content=\"article\" \/>\n<meta property=\"og:title\" content=\"Pressemitteilung: Schutz von Privatsph\u00e4re und Daten in Zeiten von Big Data, staatlicher \u00dcberwachung und digitaler Grenzenlosigkeit &#8211; Digital Society Blog\" \/>\n<meta property=\"og:description\" content=\"Konferenz am 3. Dezember 2014 von 9 \u2013 17 Uhr Senatssaal der Humboldt-Universit\u00e4t, Unter den Linden 6, 10117 Berlin Livestream unter\u00a0www.hiig.de\/privacy\u00a0|\u00a0#privacy14 Wie kann die Arbeit von Nachrichtendiensten im Spannungsfeld von Aufkl\u00e4rungsbedarf und Grundrechtsschutz auf eine moderne gesetzliche Grundlage gestellt werden? Was sind die Anforderungen an Transparenz, gesetzliche Mandatierung und Aufsicht der Dienste bei ihrer T\u00e4tigkeit&hellip;\" \/>\n<meta property=\"og:url\" content=\"https:\/\/www.hiig.de\/en\/pressemitteilung-schutz-von-privatsphaere-und-daten-in-zeiten-von-big-data-staatlicher-ueberwachung-und-digitaler-grenzenlosigkeit\/\" \/>\n<meta property=\"og:site_name\" content=\"HIIG\" \/>\n<meta property=\"article:published_time\" content=\"2014-12-01T17:14:48+00:00\" \/>\n<meta property=\"article:modified_time\" content=\"2016-11-24T13:26:38+00:00\" \/>\n<meta name=\"author\" content=\"Katharina Beitz\" \/>\n<meta name=\"twitter:card\" content=\"summary_large_image\" \/>\n<meta name=\"twitter:label1\" content=\"Written by\" \/>\n\t<meta name=\"twitter:data1\" content=\"Katharina Beitz\" \/>\n\t<meta name=\"twitter:label2\" content=\"Est. reading time\" \/>\n\t<meta name=\"twitter:data2\" content=\"3 minutes\" \/>\n<!-- \/ Yoast SEO plugin. -->","yoast_head_json":{"title":"Pressemitteilung: Schutz von Privatsph\u00e4re und Daten in Zeiten von Big Data, staatlicher \u00dcberwachung und digitaler Grenzenlosigkeit &#8211; Digital Society Blog","robots":{"index":"index","follow":"follow","max-snippet":"max-snippet:-1","max-image-preview":"max-image-preview:large","max-video-preview":"max-video-preview:-1"},"canonical":"https:\/\/www.hiig.de\/en\/pressemitteilung-schutz-von-privatsphaere-und-daten-in-zeiten-von-big-data-staatlicher-ueberwachung-und-digitaler-grenzenlosigkeit\/","og_locale":"en_US","og_type":"article","og_title":"Pressemitteilung: Schutz von Privatsph\u00e4re und Daten in Zeiten von Big Data, staatlicher \u00dcberwachung und digitaler Grenzenlosigkeit &#8211; Digital Society Blog","og_description":"Konferenz am 3. Dezember 2014 von 9 \u2013 17 Uhr Senatssaal der Humboldt-Universit\u00e4t, Unter den Linden 6, 10117 Berlin Livestream unter\u00a0www.hiig.de\/privacy\u00a0|\u00a0#privacy14 Wie kann die Arbeit von Nachrichtendiensten im Spannungsfeld von Aufkl\u00e4rungsbedarf und Grundrechtsschutz auf eine moderne gesetzliche Grundlage gestellt werden? Was sind die Anforderungen an Transparenz, gesetzliche Mandatierung und Aufsicht der Dienste bei ihrer T\u00e4tigkeit&hellip;","og_url":"https:\/\/www.hiig.de\/en\/pressemitteilung-schutz-von-privatsphaere-und-daten-in-zeiten-von-big-data-staatlicher-ueberwachung-und-digitaler-grenzenlosigkeit\/","og_site_name":"HIIG","article_published_time":"2014-12-01T17:14:48+00:00","article_modified_time":"2016-11-24T13:26:38+00:00","author":"Katharina Beitz","twitter_card":"summary_large_image","twitter_misc":{"Written by":"Katharina Beitz","Est. reading time":"3 minutes"},"schema":{"@context":"https:\/\/schema.org","@graph":[{"@type":"Article","@id":"https:\/\/www.hiig.de\/en\/pressemitteilung-schutz-von-privatsphaere-und-daten-in-zeiten-von-big-data-staatlicher-ueberwachung-und-digitaler-grenzenlosigkeit\/#article","isPartOf":{"@id":"https:\/\/www.hiig.de\/en\/pressemitteilung-schutz-von-privatsphaere-und-daten-in-zeiten-von-big-data-staatlicher-ueberwachung-und-digitaler-grenzenlosigkeit\/"},"author":{"name":"Katharina Beitz","@id":"https:\/\/www.hiig.de\/#\/schema\/person\/213403cf524a1554bbb4f612ffbac623"},"headline":"Pressemitteilung: Schutz von Privatsph\u00e4re und Daten in Zeiten von Big Data, staatlicher \u00dcberwachung und digitaler Grenzenlosigkeit","datePublished":"2014-12-01T17:14:48+00:00","dateModified":"2016-11-24T13:26:38+00:00","mainEntityOfPage":{"@id":"https:\/\/www.hiig.de\/en\/pressemitteilung-schutz-von-privatsphaere-und-daten-in-zeiten-von-big-data-staatlicher-ueberwachung-und-digitaler-grenzenlosigkeit\/"},"wordCount":520,"commentCount":0,"publisher":{"@id":"https:\/\/www.hiig.de\/#organization"},"keywords":["home-hidden @en"],"articleSection":["Press release"],"inLanguage":"en-US","potentialAction":[{"@type":"CommentAction","name":"Comment","target":["https:\/\/www.hiig.de\/en\/pressemitteilung-schutz-von-privatsphaere-und-daten-in-zeiten-von-big-data-staatlicher-ueberwachung-und-digitaler-grenzenlosigkeit\/#respond"]}]},{"@type":"WebPage","@id":"https:\/\/www.hiig.de\/en\/pressemitteilung-schutz-von-privatsphaere-und-daten-in-zeiten-von-big-data-staatlicher-ueberwachung-und-digitaler-grenzenlosigkeit\/","url":"https:\/\/www.hiig.de\/en\/pressemitteilung-schutz-von-privatsphaere-und-daten-in-zeiten-von-big-data-staatlicher-ueberwachung-und-digitaler-grenzenlosigkeit\/","name":"Pressemitteilung: Schutz von Privatsph\u00e4re und Daten in Zeiten von Big Data, staatlicher \u00dcberwachung und digitaler Grenzenlosigkeit &#8211; Digital Society Blog","isPartOf":{"@id":"https:\/\/www.hiig.de\/#website"},"datePublished":"2014-12-01T17:14:48+00:00","dateModified":"2016-11-24T13:26:38+00:00","breadcrumb":{"@id":"https:\/\/www.hiig.de\/en\/pressemitteilung-schutz-von-privatsphaere-und-daten-in-zeiten-von-big-data-staatlicher-ueberwachung-und-digitaler-grenzenlosigkeit\/#breadcrumb"},"inLanguage":"en-US","potentialAction":[{"@type":"ReadAction","target":["https:\/\/www.hiig.de\/en\/pressemitteilung-schutz-von-privatsphaere-und-daten-in-zeiten-von-big-data-staatlicher-ueberwachung-und-digitaler-grenzenlosigkeit\/"]}]},{"@type":"BreadcrumbList","@id":"https:\/\/www.hiig.de\/en\/pressemitteilung-schutz-von-privatsphaere-und-daten-in-zeiten-von-big-data-staatlicher-ueberwachung-und-digitaler-grenzenlosigkeit\/#breadcrumb","itemListElement":[{"@type":"ListItem","position":1,"name":"Home","item":"https:\/\/www.hiig.de\/en\/"},{"@type":"ListItem","position":2,"name":"Pressemitteilung: Schutz von Privatsph\u00e4re und Daten in Zeiten von Big Data, staatlicher \u00dcberwachung und digitaler Grenzenlosigkeit"}]},{"@type":"WebSite","@id":"https:\/\/www.hiig.de\/#website","url":"https:\/\/www.hiig.de\/","name":"HIIG","description":"Alexander von Humboldt Institute for Internet and Society","publisher":{"@id":"https:\/\/www.hiig.de\/#organization"},"potentialAction":[{"@type":"SearchAction","target":{"@type":"EntryPoint","urlTemplate":"https:\/\/www.hiig.de\/?s={search_term_string}"},"query-input":{"@type":"PropertyValueSpecification","valueRequired":true,"valueName":"search_term_string"}}],"inLanguage":"en-US"},{"@type":"Organization","@id":"https:\/\/www.hiig.de\/#organization","name":"HIIG","url":"https:\/\/www.hiig.de\/","logo":{"@type":"ImageObject","inLanguage":"en-US","@id":"https:\/\/www.hiig.de\/#\/schema\/logo\/image\/","url":"https:\/\/www.hiig.de\/wp-content\/uploads\/2019\/06\/hiig.png","contentUrl":"https:\/\/www.hiig.de\/wp-content\/uploads\/2019\/06\/hiig.png","width":320,"height":80,"caption":"HIIG"},"image":{"@id":"https:\/\/www.hiig.de\/#\/schema\/logo\/image\/"}},{"@type":"Person","@id":"https:\/\/www.hiig.de\/#\/schema\/person\/213403cf524a1554bbb4f612ffbac623","name":"Katharina Beitz"}]}},"_links":{"self":[{"href":"https:\/\/www.hiig.de\/en\/wp-json\/wp\/v2\/posts\/30745","targetHints":{"allow":["GET"]}}],"collection":[{"href":"https:\/\/www.hiig.de\/en\/wp-json\/wp\/v2\/posts"}],"about":[{"href":"https:\/\/www.hiig.de\/en\/wp-json\/wp\/v2\/types\/post"}],"author":[{"embeddable":true,"href":"https:\/\/www.hiig.de\/en\/wp-json\/wp\/v2\/users\/120"}],"replies":[{"embeddable":true,"href":"https:\/\/www.hiig.de\/en\/wp-json\/wp\/v2\/comments?post=30745"}],"version-history":[{"count":1,"href":"https:\/\/www.hiig.de\/en\/wp-json\/wp\/v2\/posts\/30745\/revisions"}],"predecessor-version":[{"id":30749,"href":"https:\/\/www.hiig.de\/en\/wp-json\/wp\/v2\/posts\/30745\/revisions\/30749"}],"wp:attachment":[{"href":"https:\/\/www.hiig.de\/en\/wp-json\/wp\/v2\/media?parent=30745"}],"wp:term":[{"taxonomy":"category","embeddable":true,"href":"https:\/\/www.hiig.de\/en\/wp-json\/wp\/v2\/categories?post=30745"},{"taxonomy":"post_tag","embeddable":true,"href":"https:\/\/www.hiig.de\/en\/wp-json\/wp\/v2\/tags?post=30745"}],"curies":[{"name":"wp","href":"https:\/\/api.w.org\/{rel}","templated":true}]}}