{"id":20752,"date":"2014-12-22T13:55:01","date_gmt":"2014-12-22T11:55:01","guid":{"rendered":"https:\/\/www.hiig.de\/?p=20752"},"modified":"2019-02-21T13:53:55","modified_gmt":"2019-02-21T12:53:55","slug":"colourful-jurisdiction-reference-analysis-of-the-bundesverfassungsgericht","status":"publish","type":"post","link":"https:\/\/www.hiig.de\/en\/colourful-jurisdiction-reference-analysis-of-the-bundesverfassungsgericht\/","title":{"rendered":"Colourful jurisdiction \u2013 reference analysis of the Bundesverfassungsgericht"},"content":{"rendered":"<p><i style=\"color: #222222;\">This blog post introduces a self-citation analysis of decisions of the Bundesverfassungsgericht (German consitutional court). It elaborates on two hypotheses and evaluates the utility of citation analysis for the field of constitutional law.<br \/>\nFirst published on\u00a0<a href=\"http:\/\/www.verfassungsblog.de\/\" target=\"_blank\" rel=\"noopener\">verfassungsblog.de<\/a>.<\/i><\/p>\n<p>Mit wachsender Rechenkraft und allgegenw\u00e4rtigem Anfallen von Daten hat auch die Netzwerkanalyse als Methode der Sozialforschung rege Verbreitung gefunden. Sie kn\u00fcpft an den Verbindungen von Einheiten an und sucht hieraus Schl\u00fcsse \u00fcber die Beschaffenheit des Netzwerks und seiner Kausalit\u00e4ten zu ziehen. Die Netzwerkanalyse wurde beispielsweise zur Erforschung digitaler\u00a0<a href=\"http:\/\/www.maths.tcd.ie\/~mnl\/store\/AdamicGlance2004a.pdf\">Einflusssph\u00e4ren<\/a>\u00a0ebenso verwendet wie zur Analyse von\u00a0<a href=\"http:\/\/insna.org\/\">Terrorzellen<\/a>. Auch den\u00a0<a href=\"http:\/\/fowler.ucsd.edu\/authority_of_supreme_court_precedent.pdf\">Entscheidungen des U.S. Supreme Courts<\/a>\u00a0und schlie\u00dflich auch dem\u00a0<a href=\"#v=onepage&amp;q=Netzwerkanalyse%20Urteile&amp;f=false\">deutschen BGB<\/a>\u00a0wurde bereits netzwerkanalytisch zu Leibe ger\u00fcckt. Das Netzwerk, welches sich aus den Verweisungen der Entscheidungen des Bundesverfassungsgerichts aufeinander ergibt, liegt jedoch bisher im Dunkeln.<\/p>\n<p>Um dies nachzuholen, wurden die von dem Projekt &#8220;Deutschsprachiges Fallrecht (DFR)&#8221; verdienstvoll digitalisierte und aufbereitete Sammlung der wichtigsten Entscheidungen des Bundesverfassungsgerichts verwendet und mit den Programmen R und Gephi netzwerkanalytisch aufbereitet. Diese Entscheidungszusammenstellung umfasst dabei den gr\u00f6\u00dften Teil der Juristen unter der Abk\u00fcrzung BVerfGE gel\u00e4ufigen Sammlung. Die Auswahl durch das DFR-Projekt erfolgt nach Unterrichtsrelevanz. Beispielsweise Sozialrechts-, Pensions- und Steuerentscheidungen sind dadurch aber unterrepr\u00e4sentiert. Bandnummern und Seitenzahlen der gedruckten Fassung (so werden die Entscheidungen gew\u00f6hnlich zitiert) werden \u00fcbernommen und zus\u00e4tzlich mit Kurztiteln versehen. Unser Datensatz umfasst aufgrund der Natur der Auswahl der BVerfGE-Sammlung vornehmlich Senats- und Plenumsentscheidungen (\u00a7 31 Abs. 1 und 2 BVerfGGO). Die insgesamt 1394 vom DFR-Projekt digitalisierten Entscheidungen stellen damit nur einen Bruchteil der\u00a0<a href=\"https:\/\/www.bundesverfassungsgericht.de\">seit 1951 erledigten 200.000 Verfahren<\/a>\u00a0dar (davon rund\u00a0<a href=\"https:\/\/www.bundesverfassungsgericht.de\">181.000 durch Entscheidung<\/a>). Dabei kann man aber davon ausgehen, dass die in die Sammlung aufgenommenen Entscheidungen f\u00fcr Verfassungsrecht und Praxis besonders wichtig und rechtlich eher uneindeutig sind (siehe hierzu \u00a7\u00a7 93-93d BVerfGG).<\/p>\n<p>Am Anfang der Analyse stehen die Verweisungen von neueren auf \u00e4ltere Entscheidungen als Verkn\u00fcpfungen zwischen den Entscheidungen. Aus den Entscheidungen als Punkten und den Verweisungen als Linien ergibt sich das abgebildete Gesamtnetzwerk. Je h\u00e4ufiger eine Entscheidung zitiert wird, desto gr\u00f6\u00dfer und zentraler der sie symbolisierende Knoten. Die Farben visualisieren dabei Entscheidungsgruppen \u2013 sprich: Cluster \u2013, die sich durch relativ kurze Verweisungsketten innerhalb des Netzwerks ergeben. Insgesamt betr\u00e4gt die durchschnittliche Pfadl\u00e4nge zwischen zwei Knoten 3,48, die l\u00e4ngste Pfadl\u00e4nge geht \u00fcber 18 Stationen und \u00fcber 90% der Entscheidungen sind maximal 6 oder 7 Verweisungen voneinander entfernt.<\/p>\n<p>Doch wie lassen sich aus diesem Netzwerk nun statistisch Aussagen gewinnen, die auch f\u00fcr die Praxis des Verfassungsrechts und die Rechtswissenschaft relevant sind? Auf zwei Hypothesen soll hier n\u00e4her eingegangen werden.<\/p>\n<h3>Die meistzitiertesten Entscheidungen sind die insgesamt relevantesten.<\/h3>\n<p>Der Verweis auf eine vorhergehende Entscheidung in einer gerichtlichen Begr\u00fcndung kann als inh\u00e4rente Beurteilung ihrer Relevanz f\u00fcr die L\u00f6sung des vorliegenden Falles gewertet werden. Geht man davon aus, dass die Relevanzbeurteilungen aller Begr\u00fcndungen in etwa gleichwertig sind und addiert sie, erh\u00e4lt man eine Liste der entscheidungsrelevantesten Pr\u00e4judizien. Das hei\u00dft, entscheidungsrelevant\u00a0<i>f\u00fcr<\/i>\u00a0das Bundesverfassungsgericht und\u00a0<i>nach seiner eigenen<\/i>\u00a0Beurteilung. Dieses simple Verfahren l\u00e4sst sich noch durch eine\u00a0<a href=\"http:\/\/fowler.ucsd.edu\/authority_of_supreme_court_precedent.pdf\">Gewichtung und Einbeziehung umliegender Verweisungen (also durch die Zentralit\u00e4t der Entscheidungen) verfeinern<\/a>, was f\u00fcr den Zweck dieses Blogeintrags aber erstmal unterbleiben soll.<\/p>\n<table class=\"alignleft\" border=\"2\" width=\"741\" cellspacing=\"0\" cellpadding=\"0\">\n<colgroup>\n<col width=\"466\" \/>\n<col width=\"271\" \/><\/colgroup>\n<tbody>\n<tr valign=\"TOP\">\n<td width=\"466\"><span style=\"color: #000000;\"><b>Entscheidung<\/b><\/span><\/td>\n<td width=\"271\"><span style=\"color: #000000;\"><b>Eingehende<\/b><b>Verweisungen<\/b><\/span><\/td>\n<\/tr>\n<tr valign=\"TOP\">\n<td width=\"466\"><span style=\"color: #000000;\">18, 85 \u2013 Spezifisches Verfassungsrecht<\/span><\/td>\n<td width=\"271\"><span style=\"color: #000000;\">125<\/span><\/td>\n<\/tr>\n<tr valign=\"TOP\">\n<td width=\"466\"><span style=\"color: #000000;\">7, 198 \u2013 L\u00fcth<\/span><\/td>\n<td width=\"271\"><span style=\"color: #000000;\">114<\/span><\/td>\n<\/tr>\n<tr valign=\"TOP\">\n<td width=\"466\"><span style=\"color: #000000;\">7, 377 \u2013 Apotheken-Urteil<\/span><\/td>\n<td width=\"271\"><span style=\"color: #000000;\">88<\/span><\/td>\n<\/tr>\n<tr valign=\"TOP\">\n<td width=\"466\"><span style=\"color: #000000;\">6,32 \u2013 Elfes<\/span><\/td>\n<td width=\"271\"><span style=\"color: #000000;\">87<\/span><\/td>\n<\/tr>\n<tr valign=\"TOP\">\n<td width=\"466\"><span style=\"color: #000000;\">8, 274 \u2013 Preisgesetz<\/span><\/td>\n<td width=\"271\"><span style=\"color: #000000;\">77<\/span><\/td>\n<\/tr>\n<tr valign=\"TOP\">\n<td width=\"466\"><span style=\"color: #000000;\">1, 14 \u2013 S\u00fcdweststaat<\/span><\/td>\n<td width=\"271\"><span style=\"color: #000000;\">77<\/span><\/td>\n<\/tr>\n<tr valign=\"TOP\">\n<td width=\"466\"><span style=\"color: #000000;\">50, 290 \u2013 Mitbestimmung<\/span><\/td>\n<td width=\"271\"><span style=\"color: #000000;\">76<\/span><\/td>\n<\/tr>\n<tr valign=\"TOP\">\n<td width=\"466\"><span style=\"color: #000000;\">1, 208 \u2013 7,5%-Sperrklausel<\/span><\/td>\n<td width=\"271\"><span style=\"color: #000000;\">72<\/span><\/td>\n<\/tr>\n<tr valign=\"TOP\">\n<td width=\"466\"><span style=\"color: #000000;\">4,7 \u2013 Investitionshilfe<\/span><\/td>\n<td width=\"271\"><span style=\"color: #000000;\">71<\/span><\/td>\n<\/tr>\n<tr valign=\"TOP\">\n<td width=\"466\"><span style=\"color: #000000;\">1, 97 \u2013 Hinterbliebenenrente I<\/span><\/td>\n<td width=\"271\"><span style=\"color: #000000;\">68<\/span><\/td>\n<\/tr>\n<\/tbody>\n<\/table>\n<p>Eine solche Rangliste mag \u2013 insbesondere f\u00fcr den juristischen Laien \u2013 zun\u00e4chst wichtig und bedeutend klingen. Es ist aber mit der\u00a0<i>generellen Relevanz<\/i>\u00a0von Entscheidungen, also ihrer Wichtigkeit f\u00fcr die Verfassungsrechtsprechung insgesamt, noch nicht allzuviel gewonnen. Die generelle Relevanz hilft kaum bei der verfassungsgerichtlichen Aufgabe, die f\u00fcr die L\u00f6sung des konkreten Einzelfalles relevanten Normen und Pr\u00e4judizien auszuw\u00e4hlen. Sie hilft dem Verfassungsrechtler nicht dabei, normativ wertend zwischen Sacherverhalt und (Fall-)Recht hin- und herzublicken. Es ist zwar denkbar, dass eine solche Liste Ausgangspunkt f\u00fcr die Suche nach relevanten Pr\u00e4judizien ist, aber f\u00fcr eine verfassungsrechtlich vorgebildete Person ist es aussichtsreicher Aufs\u00e4tze, Lehrb\u00fccher, insbesondere aber auch Kommentare zu konsultieren. Au\u00dferdem geht das deutsche Verfassungsrechtsdenken vornehmlich vom Grundrecht aus und erst nachgeordnet von etwaigen Pr\u00e4judizien.<\/p>\n<h3>Die sich ergebenden Entscheidungscluster entsprechen bestimmten Bereichen der Verfassungsrechtsprechung<\/h3>\n<p>Die farbig hervorgehobenen Entscheidungscluster werden durch einen Modularit\u00e4tsalgorithmus bestimmt (hierzu\u00a0<a href=\"http:\/\/arxiv.org\/pdf\/0803.0476.pdf\">z.B. Blondel u.a.<\/a>). Entscheidungen in einem Cluster sind untereinander st\u00e4rker verbunden, als sie mit Entscheidungen der jeweils anderen Cluster verbunden sind. In der Tat entsprechen die Cluster zum Teil bestimmten materiell-rechtlichen Bereichen des Verfassungsrechts. So l\u00e4sst sich das in der Visualisierung gelb dargestellte Cluster vor allem dem Staatsorganisationsrecht zuordnen, sowie den verfassungsrechtlichen Bereichen von Parteien, Wahl und Mandat. Das gr\u00fcn dargestellte Cluster hingegen umfasst vornehmlich Entscheidungen zu Pers\u00f6nlichkeits- und Kommunikationsgrundrechten. Das rote Cluster scheint vor allem die Bereiche Steuern, Familie, Sozialleistungen und Gleichheitsfragen zu ber\u00fchren. Das blaue Cluster hat die wirtschaftliche Bet\u00e4tigungsfreiheit, die Berufsfreiheit und Weiteres zum Inhalt. Gerade die letzten zwei genannten Cluster sind dabei aber alles andere als trennscharf.<\/p>\n<p>Weitere Querverbindungen zwischen diesen Bereichen k\u00f6nnten sich aus gemeinsamen verfassungsprozessualen Problemen, Fragen der Grundrechtsberechtigung- und verpflichtung, \u00fcbergreifenden dogmatischen Fragen (Schutzbereich \u2013 Eingriff \u2013 verfassungsrechtliche Rechtfertigung) und \u00c4hnlichem ergeben. Auch die zeitliche N\u00e4he von Entscheidungen k\u00f6nnte erkl\u00e4ren, warum auf bestimmte Entscheidungen und nicht direkt auf fr\u00fchere Grundlagenentscheidungen Bezug genommen wurde.<\/p>\n<p>Die Cluster, aber gerade auch Ausschnitte von ihnen, k\u00f6nnen Ausgangspunkte sein, um sich Unterbereichen des Verfassungsrechts \u00fcber Pr\u00e4judizien zu n\u00e4hern oder um bestimmte Entscheidungen in der F\u00fclle der Rechtsprechung zu verorten. Auch kann ein solcher Zugang helfen, die Bedeutung einzelner Entscheidung aus rechtsgeschichtlicher Perspektive und die Genealogie dogmatischer Figuren zu ergr\u00fcnden, was allein durch die Rezeption der entsprechenden Literatur zumindest sehr aufwendig w\u00e4re. Einen genaueren zweiten Blick auf Art und Kontext der Zitierung kann die Netzwerkanalyse dabei freilich nicht ersetzen, aber sie kann eine brauchbaren Einstieg liefern. Als gewinnbringend k\u00f6nnte sich hier auch die Einbeziehung von Kammerentscheidungen in das Netzwerk herausstellen. Diese werden rechtswissenschaftlich n\u00e4mlich eher selten thematisiert. Die Netzwerkanalyse von Verfassungsrechtsprechung kann also das juristische Arbeiten mit Entscheidungen, Kommentaren, Aufs\u00e4tzen und Monografien nat\u00fcrlich niemals ersetzen, aber durch eine weitere Perspektive erg\u00e4nzen.<\/p>\n<p>Herzlicher Dank geb\u00fchrt\u00a0<a href=\"http:\/\/cbpuschmann.net\/\">Prof. Dr. Puschmann<\/a>\u00a0f\u00fcr die netzwerkanalytische Aufbereitung und Auswertung der Daten und\u00a0<a href=\"http:\/\/www.oefre.unibe.ch\/ueber_uns\/personen\/abt_prof_tschentscher\/index_ger.html\">Prof. Dr. Tschentscher<\/a>\u00a0f\u00fcr einige wertvolle Hinweise zur ihrer Interpretation. Alle Fehler bleiben meine eigenen.<\/p>\n<h3>Links<\/h3>\n<p><a href=\"https:\/\/www.hiig.de\/wp-content\/uploads\/2014\/12\/Netzwerkvisualisierung.pdf\" target=\"_blank\" rel=\"noopener\">Visualisierung als pdf (611 KB)<br \/>\n<\/a><a href=\"https:\/\/www.hiig.de\/wp-content\/uploads\/2014\/12\/Daten-Auszug.xlsx\" target=\"_blank\" rel=\"noopener\">Tabelle der 50 meist zitierten Entscheidungen<\/a><\/p>\n<h4>This post is part of a weekly series of articles by\u00a0<a title=\"Doctoral Programme\" href=\"https:\/\/www.hiig.de\/en\/doctoral-programme\/\">doctoral candidates<\/a>\u00a0of the Alexander von Humboldt Institute for Internet and Society. It does not necessarily represent the view of the Institute itself. For more information about the topics of these articles and associated research projects, please contact\u00a0<a href=\"mailto:presse@hiig.de\">presse@hiig.de<\/a>.<\/h4>\n<div class=\"shariff shariff-align-flex-start shariff-widget-align-flex-start\"><ul class=\"shariff-buttons theme-round orientation-horizontal buttonsize-medium\"><li class=\"shariff-button linkedin shariff-nocustomcolor\" style=\"background-color:#1488bf\"><a href=\"https:\/\/www.linkedin.com\/sharing\/share-offsite\/?url=https%3A%2F%2Fwww.hiig.de%2Fen%2Fcolourful-jurisdiction-reference-analysis-of-the-bundesverfassungsgericht%2F\" title=\"Share on LinkedIn\" aria-label=\"Share on LinkedIn\" role=\"button\" rel=\"noopener nofollow\" class=\"shariff-link\" style=\"; background-color:#0077b5; color:#fff\" target=\"_blank\"><span class=\"shariff-icon\" style=\"\"><svg width=\"32px\" height=\"20px\" xmlns=\"http:\/\/www.w3.org\/2000\/svg\" viewBox=\"0 0 27 32\"><path fill=\"#0077b5\" d=\"M6.2 11.2v17.7h-5.9v-17.7h5.9zM6.6 5.7q0 1.3-0.9 2.2t-2.4 0.9h0q-1.5 0-2.4-0.9t-0.9-2.2 0.9-2.2 2.4-0.9 2.4 0.9 0.9 2.2zM27.4 18.7v10.1h-5.9v-9.5q0-1.9-0.7-2.9t-2.3-1.1q-1.1 0-1.9 0.6t-1.2 1.5q-0.2 0.5-0.2 1.4v9.9h-5.9q0-7.1 0-11.6t0-5.3l0-0.9h5.9v2.6h0q0.4-0.6 0.7-1t1-0.9 1.6-0.8 2-0.3q3 0 4.9 2t1.9 6z\"\/><\/svg><\/span><\/a><\/li><li class=\"shariff-button bluesky shariff-nocustomcolor\" style=\"background-color:#84c4ff\"><a href=\"https:\/\/bsky.app\/intent\/compose?text=Colourful%20jurisdiction%20%E2%80%93%20reference%20analysis%20of%20the%20Bundesverfassungsgericht https%3A%2F%2Fwww.hiig.de%2Fen%2Fcolourful-jurisdiction-reference-analysis-of-the-bundesverfassungsgericht%2F  via @hiigberlin.bsky.social\" title=\"Share on Bluesky\" aria-label=\"Share on Bluesky\" role=\"button\" rel=\"noopener nofollow\" class=\"shariff-link\" style=\"; background-color:#0085ff; color:#fff\" target=\"_blank\"><span class=\"shariff-icon\" style=\"\"><svg width=\"20\" height=\"20\" version=\"1.1\" xmlns=\"http:\/\/www.w3.org\/2000\/svg\" viewBox=\"0 0 20 20\"><path class=\"st0\" d=\"M4.89,3.12c2.07,1.55,4.3,4.71,5.11,6.4.82-1.69,3.04-4.84,5.11-6.4,1.49-1.12,3.91-1.99,3.91.77,0,.55-.32,4.63-.5,5.3-.64,2.3-2.99,2.89-5.08,2.54,3.65.62,4.58,2.68,2.57,4.74-3.81,3.91-5.48-.98-5.9-2.23-.08-.23-.11-.34-.12-.25,0-.09-.04.02-.12.25-.43,1.25-2.09,6.14-5.9,2.23-2.01-2.06-1.08-4.12,2.57-4.74-2.09.36-4.44-.23-5.08-2.54-.19-.66-.5-4.74-.5-5.3,0-2.76,2.42-1.89,3.91-.77h0Z\"\/><\/svg><\/span><\/a><\/li><li class=\"shariff-button mailto shariff-nocustomcolor\" style=\"background-color:#a8a8a8\"><a href=\"mailto:?body=https%3A%2F%2Fwww.hiig.de%2Fen%2Fcolourful-jurisdiction-reference-analysis-of-the-bundesverfassungsgericht%2F&subject=Colourful%20jurisdiction%20%E2%80%93%20reference%20analysis%20of%20the%20Bundesverfassungsgericht\" title=\"Send by email\" aria-label=\"Send by email\" role=\"button\" rel=\"noopener nofollow\" class=\"shariff-link\" style=\"; background-color:#999; color:#fff\"><span class=\"shariff-icon\" style=\"\"><svg width=\"32px\" height=\"20px\" xmlns=\"http:\/\/www.w3.org\/2000\/svg\" viewBox=\"0 0 32 32\"><path fill=\"#999\" d=\"M32 12.7v14.2q0 1.2-0.8 2t-2 0.9h-26.3q-1.2 0-2-0.9t-0.8-2v-14.2q0.8 0.9 1.8 1.6 6.5 4.4 8.9 6.1 1 0.8 1.6 1.2t1.7 0.9 2 0.4h0.1q0.9 0 2-0.4t1.7-0.9 1.6-1.2q3-2.2 8.9-6.1 1-0.7 1.8-1.6zM32 7.4q0 1.4-0.9 2.7t-2.2 2.2q-6.7 4.7-8.4 5.8-0.2 0.1-0.7 0.5t-1 0.7-0.9 0.6-1.1 0.5-0.9 0.2h-0.1q-0.4 0-0.9-0.2t-1.1-0.5-0.9-0.6-1-0.7-0.7-0.5q-1.6-1.1-4.7-3.2t-3.6-2.6q-1.1-0.7-2.1-2t-1-2.5q0-1.4 0.7-2.3t2.1-0.9h26.3q1.2 0 2 0.8t0.9 2z\"\/><\/svg><\/span><\/a><\/li><\/ul><\/div>","protected":false},"excerpt":{"rendered":"<p>This blog post introduces a self-citation analysis of decisions of the Bundesverfassungsgericht (German consitutional court). It elaborates on two hypotheses and evaluates the utility of citation analysis for the field of constitutional law. First published on\u00a0verfassungsblog.de. Mit wachsender Rechenkraft und allgegenw\u00e4rtigem Anfallen von Daten hat auch die Netzwerkanalyse als Methode der Sozialforschung rege Verbreitung gefunden.&hellip;<\/p>\n","protected":false},"author":44,"featured_media":20753,"comment_status":"open","ping_status":"open","sticky":false,"template":"","format":"standard","meta":{"_acf_changed":false,"footnotes":""},"categories":[7],"tags":[],"class_list":["post-20752","post","type-post","status-publish","format-standard","has-post-thumbnail","hentry","category-uncategorized-en"],"acf":[],"yoast_head":"<!-- This site is optimized with the Yoast SEO plugin v26.6 - https:\/\/yoast.com\/wordpress\/plugins\/seo\/ -->\n<title>Colourful jurisdiction \u2013 reference analysis of the Bundesverfassungsgericht &#8211; Digital Society Blog<\/title>\n<meta name=\"robots\" content=\"index, follow, max-snippet:-1, max-image-preview:large, max-video-preview:-1\" \/>\n<link rel=\"canonical\" href=\"https:\/\/www.hiig.de\/en\/colourful-jurisdiction-reference-analysis-of-the-bundesverfassungsgericht\/\" \/>\n<meta property=\"og:locale\" content=\"en_US\" \/>\n<meta property=\"og:type\" content=\"article\" \/>\n<meta property=\"og:title\" content=\"Colourful jurisdiction \u2013 reference analysis of the Bundesverfassungsgericht &#8211; Digital Society Blog\" \/>\n<meta property=\"og:description\" content=\"This blog post introduces a self-citation analysis of decisions of the Bundesverfassungsgericht (German consitutional court). It elaborates on two hypotheses and evaluates the utility of citation analysis for the field of constitutional law. First published on\u00a0verfassungsblog.de. Mit wachsender Rechenkraft und allgegenw\u00e4rtigem Anfallen von Daten hat auch die Netzwerkanalyse als Methode der Sozialforschung rege Verbreitung gefunden.&hellip;\" \/>\n<meta property=\"og:url\" content=\"https:\/\/www.hiig.de\/en\/colourful-jurisdiction-reference-analysis-of-the-bundesverfassungsgericht\/\" \/>\n<meta property=\"og:site_name\" content=\"HIIG\" \/>\n<meta property=\"article:published_time\" content=\"2014-12-22T11:55:01+00:00\" \/>\n<meta property=\"article:modified_time\" content=\"2019-02-21T12:53:55+00:00\" \/>\n<meta property=\"og:image\" content=\"https:\/\/www.hiig.de\/wp-content\/uploads\/2014\/12\/Netzwerkvisualisierung-Kopie-1200x800.png\" \/>\n\t<meta property=\"og:image:width\" content=\"1200\" \/>\n\t<meta property=\"og:image:height\" content=\"800\" \/>\n\t<meta property=\"og:image:type\" content=\"image\/png\" \/>\n<meta name=\"author\" content=\"Julian Staben\" \/>\n<meta name=\"twitter:card\" content=\"summary_large_image\" \/>\n<meta name=\"twitter:label1\" content=\"Written by\" \/>\n\t<meta name=\"twitter:data1\" content=\"Julian Staben\" \/>\n\t<meta name=\"twitter:label2\" content=\"Est. reading time\" \/>\n\t<meta name=\"twitter:data2\" content=\"6 minutes\" \/>\n<!-- \/ Yoast SEO plugin. -->","yoast_head_json":{"title":"Colourful jurisdiction \u2013 reference analysis of the Bundesverfassungsgericht &#8211; Digital Society Blog","robots":{"index":"index","follow":"follow","max-snippet":"max-snippet:-1","max-image-preview":"max-image-preview:large","max-video-preview":"max-video-preview:-1"},"canonical":"https:\/\/www.hiig.de\/en\/colourful-jurisdiction-reference-analysis-of-the-bundesverfassungsgericht\/","og_locale":"en_US","og_type":"article","og_title":"Colourful jurisdiction \u2013 reference analysis of the Bundesverfassungsgericht &#8211; Digital Society Blog","og_description":"This blog post introduces a self-citation analysis of decisions of the Bundesverfassungsgericht (German consitutional court). It elaborates on two hypotheses and evaluates the utility of citation analysis for the field of constitutional law. First published on\u00a0verfassungsblog.de. Mit wachsender Rechenkraft und allgegenw\u00e4rtigem Anfallen von Daten hat auch die Netzwerkanalyse als Methode der Sozialforschung rege Verbreitung gefunden.&hellip;","og_url":"https:\/\/www.hiig.de\/en\/colourful-jurisdiction-reference-analysis-of-the-bundesverfassungsgericht\/","og_site_name":"HIIG","article_published_time":"2014-12-22T11:55:01+00:00","article_modified_time":"2019-02-21T12:53:55+00:00","og_image":[{"width":1200,"height":800,"url":"https:\/\/www.hiig.de\/wp-content\/uploads\/2014\/12\/Netzwerkvisualisierung-Kopie-1200x800.png","type":"image\/png"}],"author":"Julian Staben","twitter_card":"summary_large_image","twitter_misc":{"Written by":"Julian Staben","Est. reading time":"6 minutes"},"schema":{"@context":"https:\/\/schema.org","@graph":[{"@type":"Article","@id":"https:\/\/www.hiig.de\/en\/colourful-jurisdiction-reference-analysis-of-the-bundesverfassungsgericht\/#article","isPartOf":{"@id":"https:\/\/www.hiig.de\/en\/colourful-jurisdiction-reference-analysis-of-the-bundesverfassungsgericht\/"},"author":{"name":"Julian Staben","@id":"https:\/\/www.hiig.de\/#\/schema\/person\/6fccbdb486b7976ec72e94344b8583c0"},"headline":"Colourful jurisdiction \u2013 reference analysis of the Bundesverfassungsgericht","datePublished":"2014-12-22T11:55:01+00:00","dateModified":"2019-02-21T12:53:55+00:00","mainEntityOfPage":{"@id":"https:\/\/www.hiig.de\/en\/colourful-jurisdiction-reference-analysis-of-the-bundesverfassungsgericht\/"},"wordCount":1114,"commentCount":0,"publisher":{"@id":"https:\/\/www.hiig.de\/#organization"},"image":{"@id":"https:\/\/www.hiig.de\/en\/colourful-jurisdiction-reference-analysis-of-the-bundesverfassungsgericht\/#primaryimage"},"thumbnailUrl":"https:\/\/www.hiig.de\/wp-content\/uploads\/2023\/12\/post_generic.png","inLanguage":"en-US","potentialAction":[{"@type":"CommentAction","name":"Comment","target":["https:\/\/www.hiig.de\/en\/colourful-jurisdiction-reference-analysis-of-the-bundesverfassungsgericht\/#respond"]}]},{"@type":"WebPage","@id":"https:\/\/www.hiig.de\/en\/colourful-jurisdiction-reference-analysis-of-the-bundesverfassungsgericht\/","url":"https:\/\/www.hiig.de\/en\/colourful-jurisdiction-reference-analysis-of-the-bundesverfassungsgericht\/","name":"Colourful jurisdiction \u2013 reference analysis of the Bundesverfassungsgericht &#8211; Digital Society Blog","isPartOf":{"@id":"https:\/\/www.hiig.de\/#website"},"primaryImageOfPage":{"@id":"https:\/\/www.hiig.de\/en\/colourful-jurisdiction-reference-analysis-of-the-bundesverfassungsgericht\/#primaryimage"},"image":{"@id":"https:\/\/www.hiig.de\/en\/colourful-jurisdiction-reference-analysis-of-the-bundesverfassungsgericht\/#primaryimage"},"thumbnailUrl":"https:\/\/www.hiig.de\/wp-content\/uploads\/2023\/12\/post_generic.png","datePublished":"2014-12-22T11:55:01+00:00","dateModified":"2019-02-21T12:53:55+00:00","breadcrumb":{"@id":"https:\/\/www.hiig.de\/en\/colourful-jurisdiction-reference-analysis-of-the-bundesverfassungsgericht\/#breadcrumb"},"inLanguage":"en-US","potentialAction":[{"@type":"ReadAction","target":["https:\/\/www.hiig.de\/en\/colourful-jurisdiction-reference-analysis-of-the-bundesverfassungsgericht\/"]}]},{"@type":"ImageObject","inLanguage":"en-US","@id":"https:\/\/www.hiig.de\/en\/colourful-jurisdiction-reference-analysis-of-the-bundesverfassungsgericht\/#primaryimage","url":"https:\/\/www.hiig.de\/wp-content\/uploads\/2023\/12\/post_generic.png","contentUrl":"https:\/\/www.hiig.de\/wp-content\/uploads\/2023\/12\/post_generic.png","width":4000,"height":2666},{"@type":"BreadcrumbList","@id":"https:\/\/www.hiig.de\/en\/colourful-jurisdiction-reference-analysis-of-the-bundesverfassungsgericht\/#breadcrumb","itemListElement":[{"@type":"ListItem","position":1,"name":"Home","item":"https:\/\/www.hiig.de\/en\/"},{"@type":"ListItem","position":2,"name":"Colourful jurisdiction \u2013 reference analysis of the Bundesverfassungsgericht"}]},{"@type":"WebSite","@id":"https:\/\/www.hiig.de\/#website","url":"https:\/\/www.hiig.de\/","name":"HIIG","description":"Alexander von Humboldt Institute for Internet and Society","publisher":{"@id":"https:\/\/www.hiig.de\/#organization"},"potentialAction":[{"@type":"SearchAction","target":{"@type":"EntryPoint","urlTemplate":"https:\/\/www.hiig.de\/?s={search_term_string}"},"query-input":{"@type":"PropertyValueSpecification","valueRequired":true,"valueName":"search_term_string"}}],"inLanguage":"en-US"},{"@type":"Organization","@id":"https:\/\/www.hiig.de\/#organization","name":"HIIG","url":"https:\/\/www.hiig.de\/","logo":{"@type":"ImageObject","inLanguage":"en-US","@id":"https:\/\/www.hiig.de\/#\/schema\/logo\/image\/","url":"https:\/\/www.hiig.de\/wp-content\/uploads\/2019\/06\/hiig.png","contentUrl":"https:\/\/www.hiig.de\/wp-content\/uploads\/2019\/06\/hiig.png","width":320,"height":80,"caption":"HIIG"},"image":{"@id":"https:\/\/www.hiig.de\/#\/schema\/logo\/image\/"}},{"@type":"Person","@id":"https:\/\/www.hiig.de\/#\/schema\/person\/6fccbdb486b7976ec72e94344b8583c0","name":"Julian Staben","sameAs":["https:\/\/www.hiig.de\/staff\/julian-staben\/"]}]}},"_links":{"self":[{"href":"https:\/\/www.hiig.de\/en\/wp-json\/wp\/v2\/posts\/20752","targetHints":{"allow":["GET"]}}],"collection":[{"href":"https:\/\/www.hiig.de\/en\/wp-json\/wp\/v2\/posts"}],"about":[{"href":"https:\/\/www.hiig.de\/en\/wp-json\/wp\/v2\/types\/post"}],"author":[{"embeddable":true,"href":"https:\/\/www.hiig.de\/en\/wp-json\/wp\/v2\/users\/44"}],"replies":[{"embeddable":true,"href":"https:\/\/www.hiig.de\/en\/wp-json\/wp\/v2\/comments?post=20752"}],"version-history":[{"count":8,"href":"https:\/\/www.hiig.de\/en\/wp-json\/wp\/v2\/posts\/20752\/revisions"}],"predecessor-version":[{"id":56896,"href":"https:\/\/www.hiig.de\/en\/wp-json\/wp\/v2\/posts\/20752\/revisions\/56896"}],"wp:featuredmedia":[{"embeddable":true,"href":"https:\/\/www.hiig.de\/en\/wp-json\/wp\/v2\/media\/20753"}],"wp:attachment":[{"href":"https:\/\/www.hiig.de\/en\/wp-json\/wp\/v2\/media?parent=20752"}],"wp:term":[{"taxonomy":"category","embeddable":true,"href":"https:\/\/www.hiig.de\/en\/wp-json\/wp\/v2\/categories?post=20752"},{"taxonomy":"post_tag","embeddable":true,"href":"https:\/\/www.hiig.de\/en\/wp-json\/wp\/v2\/tags?post=20752"}],"curies":[{"name":"wp","href":"https:\/\/api.w.org\/{rel}","templated":true}]}}